{"id":7206,"date":"2025-06-16T12:00:28","date_gmt":"2025-06-16T10:00:28","guid":{"rendered":"https:\/\/jarnac-champagne.fr\/?p=7206"},"modified":"2025-06-16T12:00:30","modified_gmt":"2025-06-16T10:00:30","slug":"la-micro-creche-a-10-ans","status":"publish","type":"post","link":"https:\/\/jarnac-champagne.fr\/index.php\/2025\/06\/16\/la-micro-creche-a-10-ans\/","title":{"rendered":"La micro-cr\u00e8che a 10 ans !"},"content":{"rendered":"\n<p>Initialement pr\u00e9vu dans le parc Barabeau, la m\u00e9t\u00e9o capricieuse a d\u00e9localis\u00e9 l&rsquo;\u00e9v\u00e9nement \u00e0 l&rsquo;\u00e9cole mais malgr\u00e9 tout la micro-cr\u00e8che a f\u00eat\u00e9 dignement ses 10 ans&#8230;d\u00e9j\u00e0&#8230;<\/p>\n\n\n\n<p>Sous la houlette de Peggy, directrice de la structure, et de son \u00e9quipe, accompagn\u00e9e des membres de l&rsquo;association, petits et grands ont \u00e9t\u00e9 g\u00e2t\u00e9s pour cette soir\u00e9e.<\/p>\n\n\n\n<p>Au programme, maquillage pour enfants, structure gonflable, musique avec JB, la pr\u00e9sence d&rsquo;un food-truck \u00ab\u00a0La Cantina\u00a0\u00bb pour la restauration et sans oublier une buvette tenue par les parents.<\/p>\n\n\n\n<p>Environ 100 personnes pr\u00e9sentes pour profiter de ce beau moment de f\u00eate en toute simplicit\u00e9 dans un esprit festif et convivial.<\/p>\n\n\n\n<p>A noter la pr\u00e9sence des Maires des communes voisines (Neuillac, Neulles et Lonzac). Merci pour votre participation et votre int\u00e9r\u00eat pour cette structure d&rsquo;accueil essentielle pour notre territoire.<\/p>\n\n\n\n<figure class=\"wp-block-gallery has-nested-images columns-default is-cropped wp-block-gallery-1 is-layout-flex wp-block-gallery-is-layout-flex\">\n<figure class=\"wp-block-image size-large\"><img loading=\"lazy\" decoding=\"async\" width=\"1024\" height=\"768\" data-id=\"7227\" src=\"https:\/\/jarnac-champagne.fr\/wp-content\/uploads\/2025\/06\/emojuju-1024x768.png\" alt=\"\" class=\"wp-image-7227\" srcset=\"https:\/\/jarnac-champagne.fr\/wp-content\/uploads\/2025\/06\/emojuju-1024x768.png 1024w, https:\/\/jarnac-champagne.fr\/wp-content\/uploads\/2025\/06\/emojuju-300x225.png 300w, https:\/\/jarnac-champagne.fr\/wp-content\/uploads\/2025\/06\/emojuju-768x576.png 768w, https:\/\/jarnac-champagne.fr\/wp-content\/uploads\/2025\/06\/emojuju-1536x1152.png 1536w, https:\/\/jarnac-champagne.fr\/wp-content\/uploads\/2025\/06\/emojuju-1320x990.png 1320w, https:\/\/jarnac-champagne.fr\/wp-content\/uploads\/2025\/06\/emojuju.png 1600w\" sizes=\"auto, (max-width: 1024px) 100vw, 1024px\" \/><\/figure>\n\n\n\n<figure class=\"wp-block-image size-large\"><img loading=\"lazy\" decoding=\"async\" width=\"1024\" height=\"768\" data-id=\"7229\" src=\"https:\/\/jarnac-champagne.fr\/wp-content\/uploads\/2025\/06\/emojuju-2-1024x768.png\" alt=\"\" class=\"wp-image-7229\" srcset=\"https:\/\/jarnac-champagne.fr\/wp-content\/uploads\/2025\/06\/emojuju-2-1024x768.png 1024w, https:\/\/jarnac-champagne.fr\/wp-content\/uploads\/2025\/06\/emojuju-2-300x225.png 300w, https:\/\/jarnac-champagne.fr\/wp-content\/uploads\/2025\/06\/emojuju-2-768x576.png 768w, https:\/\/jarnac-champagne.fr\/wp-content\/uploads\/2025\/06\/emojuju-2-1536x1152.png 1536w, https:\/\/jarnac-champagne.fr\/wp-content\/uploads\/2025\/06\/emojuju-2-1320x990.png 1320w, https:\/\/jarnac-champagne.fr\/wp-content\/uploads\/2025\/06\/emojuju-2.png 1600w\" sizes=\"auto, (max-width: 1024px) 100vw, 1024px\" \/><\/figure>\n\n\n\n<figure class=\"wp-block-image size-large\"><img loading=\"lazy\" decoding=\"async\" width=\"1024\" height=\"768\" data-id=\"7228\" src=\"https:\/\/jarnac-champagne.fr\/wp-content\/uploads\/2025\/06\/emojuju-1-1024x768.png\" alt=\"\" class=\"wp-image-7228\" srcset=\"https:\/\/jarnac-champagne.fr\/wp-content\/uploads\/2025\/06\/emojuju-1-1024x768.png 1024w, https:\/\/jarnac-champagne.fr\/wp-content\/uploads\/2025\/06\/emojuju-1-300x225.png 300w, https:\/\/jarnac-champagne.fr\/wp-content\/uploads\/2025\/06\/emojuju-1-768x576.png 768w, https:\/\/jarnac-champagne.fr\/wp-content\/uploads\/2025\/06\/emojuju-1-1536x1152.png 1536w, https:\/\/jarnac-champagne.fr\/wp-content\/uploads\/2025\/06\/emojuju-1-1320x990.png 1320w, https:\/\/jarnac-champagne.fr\/wp-content\/uploads\/2025\/06\/emojuju-1.png 1600w\" sizes=\"auto, (max-width: 1024px) 100vw, 1024px\" \/><\/figure>\n\n\n\n<figure class=\"wp-block-image size-large\"><img loading=\"lazy\" decoding=\"async\" width=\"1024\" height=\"768\" data-id=\"7223\" src=\"https:\/\/jarnac-champagne.fr\/wp-content\/uploads\/2025\/06\/IMG_6270-1024x768.jpg\" alt=\"\" class=\"wp-image-7223\" srcset=\"https:\/\/jarnac-champagne.fr\/wp-content\/uploads\/2025\/06\/IMG_6270-1024x768.jpg 1024w, https:\/\/jarnac-champagne.fr\/wp-content\/uploads\/2025\/06\/IMG_6270-300x225.jpg 300w, https:\/\/jarnac-champagne.fr\/wp-content\/uploads\/2025\/06\/IMG_6270-768x576.jpg 768w, https:\/\/jarnac-champagne.fr\/wp-content\/uploads\/2025\/06\/IMG_6270-1536x1152.jpg 1536w, https:\/\/jarnac-champagne.fr\/wp-content\/uploads\/2025\/06\/IMG_6270-2048x1536.jpg 2048w, https:\/\/jarnac-champagne.fr\/wp-content\/uploads\/2025\/06\/IMG_6270-1320x990.jpg 1320w\" sizes=\"auto, (max-width: 1024px) 100vw, 1024px\" \/><\/figure>\n\n\n\n<figure class=\"wp-block-image size-full\"><img decoding=\"async\" data-id=\"7215\" src=\"https:\/\/jarnac-champagne.fr\/\/\/wp-content\/uploads\/2025\/06\/IMG_6273.jpg\" alt=\"\" class=\"wp-image-7215\"\/><\/figure>\n\n\n\n<figure class=\"wp-block-image size-large\"><img loading=\"lazy\" decoding=\"async\" width=\"768\" height=\"1024\" data-id=\"7221\" src=\"https:\/\/jarnac-champagne.fr\/wp-content\/uploads\/2025\/06\/IMG_6267-768x1024.jpg\" alt=\"\" class=\"wp-image-7221\" srcset=\"https:\/\/jarnac-champagne.fr\/wp-content\/uploads\/2025\/06\/IMG_6267-768x1024.jpg 768w, https:\/\/jarnac-champagne.fr\/wp-content\/uploads\/2025\/06\/IMG_6267-225x300.jpg 225w, https:\/\/jarnac-champagne.fr\/wp-content\/uploads\/2025\/06\/IMG_6267-1152x1536.jpg 1152w, https:\/\/jarnac-champagne.fr\/wp-content\/uploads\/2025\/06\/IMG_6267-1536x2048.jpg 1536w, https:\/\/jarnac-champagne.fr\/wp-content\/uploads\/2025\/06\/IMG_6267-1320x1760.jpg 1320w, https:\/\/jarnac-champagne.fr\/wp-content\/uploads\/2025\/06\/IMG_6267-scaled.jpg 1920w\" sizes=\"auto, (max-width: 768px) 100vw, 768px\" \/><\/figure>\n<\/figure>\n\n\n\n<p><\/p>\n","protected":false},"excerpt":{"rendered":"<p>Initialement pr\u00e9vu dans le parc Barabeau, la m\u00e9t\u00e9o capricieuse a d\u00e9localis\u00e9 l&rsquo;\u00e9v\u00e9nement \u00e0 l&rsquo;\u00e9cole mais malgr\u00e9 tout la micro-cr\u00e8che a<\/p>\n","protected":false},"author":1,"featured_media":361,"comment_status":"open","ping_status":"open","sticky":false,"template":"","format":"standard","meta":{"colormag_page_container_layout":"default_layout","colormag_page_sidebar_layout":"default_layout","footnotes":""},"categories":[32],"tags":[],"class_list":["post-7206","post","type-post","status-publish","format-standard","has-post-thumbnail","hentry","category-micro-creche"],"_links":{"self":[{"href":"https:\/\/jarnac-champagne.fr\/index.php\/wp-json\/wp\/v2\/posts\/7206","targetHints":{"allow":["GET"]}}],"collection":[{"href":"https:\/\/jarnac-champagne.fr\/index.php\/wp-json\/wp\/v2\/posts"}],"about":[{"href":"https:\/\/jarnac-champagne.fr\/index.php\/wp-json\/wp\/v2\/types\/post"}],"author":[{"embeddable":true,"href":"https:\/\/jarnac-champagne.fr\/index.php\/wp-json\/wp\/v2\/users\/1"}],"replies":[{"embeddable":true,"href":"https:\/\/jarnac-champagne.fr\/index.php\/wp-json\/wp\/v2\/comments?post=7206"}],"version-history":[{"count":4,"href":"https:\/\/jarnac-champagne.fr\/index.php\/wp-json\/wp\/v2\/posts\/7206\/revisions"}],"predecessor-version":[{"id":7230,"href":"https:\/\/jarnac-champagne.fr\/index.php\/wp-json\/wp\/v2\/posts\/7206\/revisions\/7230"}],"wp:featuredmedia":[{"embeddable":true,"href":"https:\/\/jarnac-champagne.fr\/index.php\/wp-json\/wp\/v2\/media\/361"}],"wp:attachment":[{"href":"https:\/\/jarnac-champagne.fr\/index.php\/wp-json\/wp\/v2\/media?parent=7206"}],"wp:term":[{"taxonomy":"category","embeddable":true,"href":"https:\/\/jarnac-champagne.fr\/index.php\/wp-json\/wp\/v2\/categories?post=7206"},{"taxonomy":"post_tag","embeddable":true,"href":"https:\/\/jarnac-champagne.fr\/index.php\/wp-json\/wp\/v2\/tags?post=7206"}],"curies":[{"name":"wp","href":"https:\/\/api.w.org\/{rel}","templated":true}]}}