{"id":732,"date":"2020-08-10T18:12:31","date_gmt":"2020-08-10T16:12:31","guid":{"rendered":"https:\/\/jarnac-champagne.fr\/\/\/?p=732"},"modified":"2020-08-11T17:26:59","modified_gmt":"2020-08-11T15:26:59","slug":"estivales-surprises-en-contes-dimanche-16-aout","status":"publish","type":"post","link":"https:\/\/jarnac-champagne.fr\/index.php\/2020\/08\/10\/estivales-surprises-en-contes-dimanche-16-aout\/","title":{"rendered":"ESTIVALES \u00ab\u00a0Surprises en contes\u00a0\u00bb &#8211; DIMANCHE 16 ao\u00fbt"},"content":{"rendered":"\n<p>Nous avons d\u00e9cid\u00e9 de maintenir ce spectacle (d\u00e9couvrez un extrait de ce qui vous attend <a href=\"https:\/\/www.youtube.com\/watch?v=zW--kcZUwaU\">https:\/\/www.youtube.com\/watch?v=zW&#8211;kcZUwaU<\/a>)en plein air mais quelques r\u00e8gles seront \u00e0 respecter.<\/p>\n\n\n\n<p><strong><span class=\"has-inline-color has-luminous-vivid-orange-color\">La jauge est limit\u00e9e \u00e0 100 spectateurs, il serait int\u00e9ressant que vous indiquiez en commentaire de cet article \u00e0 combien de personnes vous venez.<\/span><\/strong><\/p>\n\n\n\n<p><strong><span class=\"has-inline-color has-luminous-vivid-orange-color\">Sur la page Facebook de la commune \u00ab\u00a0Jarnac Champagne Officiel 17520, vous pouvez \u00e9galement indiquer votre participation sur l&rsquo;\u00e9v\u00e8nement. <\/span><\/strong><\/p>\n\n\n\n<p>Ce sont des indicateurs importants pour nous afin de pr\u00e9voir notre organisation. Merci de votre coop\u00e9ration.<\/p>\n\n\n\n<p><strong>Concernant les mesures barri\u00e8res \u00ab&nbsp;Covid-19&nbsp;\u00bb<\/strong> \u00e0 respecter :<\/p>\n\n\n\n<ul class=\"wp-block-list\"><li>La distanciation physique d\u2019un m\u00e8tre entre les personnes&nbsp;;<\/li><li>L\u2019hygi\u00e8ne des mains (lavage au savon ou par une solution hydro-alcoolique);<\/li><li>En compl\u00e9ment, le port d\u2019un masque si la distanciation physique d\u2019un m\u00e8tre entre deux personnes ne peut \u00eatre respect\u00e9e.<\/li><\/ul>\n\n\n\n<figure class=\"wp-block-table\"><table><tbody><tr><td><br><em><strong>1) Mesures de pr\u00e9vention et hygi\u00e8ne des mains&nbsp;:<\/strong>Mise \u00e0 disposition de points d\u2019eau, de savon ou de gel hydro-alcoolique pour l\u2019hygi\u00e8ne des mains sur le site.<\/em><br><em><strong>2) Distanciation physique&nbsp;:<\/strong><\/em> <em>Mesures prises pour assurer le respect de la jauge ainsi d\u00e9finie (max 100 personnes) : d\u00e9compte des flux entrants et sortants, mise en attente de participants<\/em>. <em>Cas particulier des lieux avec places assises&nbsp;: distance minimale d\u2019un si\u00e8ge laiss\u00e9 entre les si\u00e8ges occup\u00e9s par chaque personne ou groupe de moins de 10 personnes venant ensemble ou ayant r\u00e9serv\u00e9 ensemble.<\/em><br><em><strong>3) Port du masque&nbsp;:<\/strong><\/em> <em>Mesures visant \u00e0 garantir le port obligatoire du masque si les r\u00e8gles de distanciation physique ne peuvent \u00eatre respect\u00e9es au sein de la manifestation.<\/em><br><\/td><\/tr><\/tbody><\/table><\/figure>\n\n\n\n<div class=\"wp-block-image\"><figure class=\"aligncenter size-large\"><img loading=\"lazy\" decoding=\"async\" width=\"724\" height=\"1024\" src=\"https:\/\/jarnac-champagne.fr\/\/\/wp-content\/uploads\/2020\/08\/16aout_jarnac_champagne-724x1024.jpg\" alt=\"\" class=\"wp-image-733\" srcset=\"https:\/\/jarnac-champagne.fr\/wp-content\/uploads\/2020\/08\/16aout_jarnac_champagne-724x1024.jpg 724w, https:\/\/jarnac-champagne.fr\/wp-content\/uploads\/2020\/08\/16aout_jarnac_champagne-212x300.jpg 212w, https:\/\/jarnac-champagne.fr\/wp-content\/uploads\/2020\/08\/16aout_jarnac_champagne-768x1086.jpg 768w, https:\/\/jarnac-champagne.fr\/wp-content\/uploads\/2020\/08\/16aout_jarnac_champagne-1086x1536.jpg 1086w, https:\/\/jarnac-champagne.fr\/wp-content\/uploads\/2020\/08\/16aout_jarnac_champagne-1448x2048.jpg 1448w, https:\/\/jarnac-champagne.fr\/wp-content\/uploads\/2020\/08\/16aout_jarnac_champagne-scaled.jpg 1810w\" sizes=\"auto, (max-width: 724px) 100vw, 724px\" \/><\/figure><\/div>\n","protected":false},"excerpt":{"rendered":"<p>Nous avons d\u00e9cid\u00e9 de maintenir ce spectacle (d\u00e9couvrez un extrait de ce qui vous attend https:\/\/www.youtube.com\/watch?v=zW&#8211;kcZUwaU)en plein air mais quelques<\/p>\n","protected":false},"author":1,"featured_media":105,"comment_status":"open","ping_status":"open","sticky":false,"template":"","format":"standard","meta":{"colormag_page_container_layout":"default_layout","colormag_page_sidebar_layout":"default_layout","footnotes":""},"categories":[4],"tags":[],"class_list":["post-732","post","type-post","status-publish","format-standard","has-post-thumbnail","hentry","category-infos-mairie"],"_links":{"self":[{"href":"https:\/\/jarnac-champagne.fr\/index.php\/wp-json\/wp\/v2\/posts\/732","targetHints":{"allow":["GET"]}}],"collection":[{"href":"https:\/\/jarnac-champagne.fr\/index.php\/wp-json\/wp\/v2\/posts"}],"about":[{"href":"https:\/\/jarnac-champagne.fr\/index.php\/wp-json\/wp\/v2\/types\/post"}],"author":[{"embeddable":true,"href":"https:\/\/jarnac-champagne.fr\/index.php\/wp-json\/wp\/v2\/users\/1"}],"replies":[{"embeddable":true,"href":"https:\/\/jarnac-champagne.fr\/index.php\/wp-json\/wp\/v2\/comments?post=732"}],"version-history":[{"count":3,"href":"https:\/\/jarnac-champagne.fr\/index.php\/wp-json\/wp\/v2\/posts\/732\/revisions"}],"predecessor-version":[{"id":740,"href":"https:\/\/jarnac-champagne.fr\/index.php\/wp-json\/wp\/v2\/posts\/732\/revisions\/740"}],"wp:featuredmedia":[{"embeddable":true,"href":"https:\/\/jarnac-champagne.fr\/index.php\/wp-json\/wp\/v2\/media\/105"}],"wp:attachment":[{"href":"https:\/\/jarnac-champagne.fr\/index.php\/wp-json\/wp\/v2\/media?parent=732"}],"wp:term":[{"taxonomy":"category","embeddable":true,"href":"https:\/\/jarnac-champagne.fr\/index.php\/wp-json\/wp\/v2\/categories?post=732"},{"taxonomy":"post_tag","embeddable":true,"href":"https:\/\/jarnac-champagne.fr\/index.php\/wp-json\/wp\/v2\/tags?post=732"}],"curies":[{"name":"wp","href":"https:\/\/api.w.org\/{rel}","templated":true}]}}