{"id":7343,"date":"2025-07-07T23:31:12","date_gmt":"2025-07-07T21:31:12","guid":{"rendered":"https:\/\/jarnac-champagne.fr\/?p=7343"},"modified":"2025-07-07T23:35:58","modified_gmt":"2025-07-07T21:35:58","slug":"velo-a-lecole-haute-saintonge-27-06-25","status":"publish","type":"post","link":"https:\/\/jarnac-champagne.fr\/index.php\/2025\/07\/07\/velo-a-lecole-haute-saintonge-27-06-25\/","title":{"rendered":"V\u00e9lo \u00e0 l&rsquo;\u00e9cole_Haute-Saintonge_27-06-25"},"content":{"rendered":"\n<figure class=\"wp-block-image aligncenter size-full\"><img loading=\"lazy\" decoding=\"async\" width=\"387\" height=\"502\" src=\"https:\/\/jarnac-champagne.fr\/\/\/wp-content\/uploads\/2025\/07\/Ecole_Ile_De_Re_27-06-25.png\" alt=\"\" class=\"wp-image-7350\" srcset=\"https:\/\/jarnac-champagne.fr\/wp-content\/uploads\/2025\/07\/Ecole_Ile_De_Re_27-06-25.png 387w, https:\/\/jarnac-champagne.fr\/wp-content\/uploads\/2025\/07\/Ecole_Ile_De_Re_27-06-25-231x300.png 231w\" sizes=\"auto, (max-width: 387px) 100vw, 387px\" \/><\/figure>\n","protected":false},"excerpt":{"rendered":"","protected":false},"author":1,"featured_media":348,"comment_status":"open","ping_status":"open","sticky":false,"template":"","format":"standard","meta":{"colormag_page_container_layout":"default_layout","colormag_page_sidebar_layout":"default_layout","footnotes":""},"categories":[8],"tags":[],"class_list":["post-7343","post","type-post","status-publish","format-standard","has-post-thumbnail","hentry","category-presse"],"_links":{"self":[{"href":"https:\/\/jarnac-champagne.fr\/index.php\/wp-json\/wp\/v2\/posts\/7343","targetHints":{"allow":["GET"]}}],"collection":[{"href":"https:\/\/jarnac-champagne.fr\/index.php\/wp-json\/wp\/v2\/posts"}],"about":[{"href":"https:\/\/jarnac-champagne.fr\/index.php\/wp-json\/wp\/v2\/types\/post"}],"author":[{"embeddable":true,"href":"https:\/\/jarnac-champagne.fr\/index.php\/wp-json\/wp\/v2\/users\/1"}],"replies":[{"embeddable":true,"href":"https:\/\/jarnac-champagne.fr\/index.php\/wp-json\/wp\/v2\/comments?post=7343"}],"version-history":[{"count":2,"href":"https:\/\/jarnac-champagne.fr\/index.php\/wp-json\/wp\/v2\/posts\/7343\/revisions"}],"predecessor-version":[{"id":7359,"href":"https:\/\/jarnac-champagne.fr\/index.php\/wp-json\/wp\/v2\/posts\/7343\/revisions\/7359"}],"wp:featuredmedia":[{"embeddable":true,"href":"https:\/\/jarnac-champagne.fr\/index.php\/wp-json\/wp\/v2\/media\/348"}],"wp:attachment":[{"href":"https:\/\/jarnac-champagne.fr\/index.php\/wp-json\/wp\/v2\/media?parent=7343"}],"wp:term":[{"taxonomy":"category","embeddable":true,"href":"https:\/\/jarnac-champagne.fr\/index.php\/wp-json\/wp\/v2\/categories?post=7343"},{"taxonomy":"post_tag","embeddable":true,"href":"https:\/\/jarnac-champagne.fr\/index.php\/wp-json\/wp\/v2\/tags?post=7343"}],"curies":[{"name":"wp","href":"https:\/\/api.w.org\/{rel}","templated":true}]}}