{"id":7376,"date":"2025-07-11T17:51:23","date_gmt":"2025-07-11T15:51:23","guid":{"rendered":"https:\/\/jarnac-champagne.fr\/\/\/?p=7376"},"modified":"2025-07-11T17:51:23","modified_gmt":"2025-07-11T15:51:23","slug":"pique-nique-a-lecole","status":"publish","type":"post","link":"https:\/\/jarnac-champagne.fr\/index.php\/2025\/07\/11\/pique-nique-a-lecole\/","title":{"rendered":"Pique-nique \u00e0 l&rsquo;\u00e9cole"},"content":{"rendered":"\n<p>Pour f\u00eater la fin de l&rsquo;ann\u00e9e scolaire, le traditionnel pique-nique a eu lieu dans le magnifique parc Barabeau.<\/p>\n\n\n\n<p>Au menu de belles brochettes melon\/past\u00e8que, un d\u00e9licieux Pad Tha\u00ef et une glace, bien s\u00fbr&#8230;Le chef Yoan, infatigable, a une nouvelle fois emmen\u00e9 son \u00e9quipe dans une folle pr\u00e9paration&#8230; Merci tous, le r\u00e9sultat \u00e9tait \u00e0 la hauteur de votre travail.<\/p>\n\n\n\n<p>Cette ann\u00e9e, Mme Sil\u00e8ne Gu\u00e9don, di\u00e9t\u00e9ticienne de la Communaut\u00e9 des Communes de Haute-Saintonge, accompagn\u00e9e d&rsquo;une stagiaire, a particip\u00e9 activement \u00e0 la r\u00e9ussite de ce pique-nique.<\/p>\n\n\n\n<p>Merci pour votre pr\u00e9sence et votre accompagnement pour des menus \u00e9quilibr\u00e9s tout au long de l&rsquo;ann\u00e9e sans oublier les animations propos\u00e9es. Votre collaboration est pr\u00e9cieuse au sein de la restauration collective.<\/p>\n\n\n\n<figure class=\"wp-block-gallery has-nested-images columns-default is-cropped wp-block-gallery-1 is-layout-flex wp-block-gallery-is-layout-flex\">\n<figure class=\"wp-block-image size-large\"><img loading=\"lazy\" decoding=\"async\" width=\"768\" height=\"1024\" data-id=\"7382\" src=\"https:\/\/jarnac-champagne.fr\/\/\/wp-content\/uploads\/2025\/07\/Pique_Nique_Ecole_2025-1-1-768x1024.jpg\" alt=\"\" class=\"wp-image-7382\" srcset=\"https:\/\/jarnac-champagne.fr\/wp-content\/uploads\/2025\/07\/Pique_Nique_Ecole_2025-1-1-768x1024.jpg 768w, https:\/\/jarnac-champagne.fr\/wp-content\/uploads\/2025\/07\/Pique_Nique_Ecole_2025-1-1-225x300.jpg 225w, https:\/\/jarnac-champagne.fr\/wp-content\/uploads\/2025\/07\/Pique_Nique_Ecole_2025-1-1-1152x1536.jpg 1152w, https:\/\/jarnac-champagne.fr\/wp-content\/uploads\/2025\/07\/Pique_Nique_Ecole_2025-1-1-1320x1760.jpg 1320w, https:\/\/jarnac-champagne.fr\/wp-content\/uploads\/2025\/07\/Pique_Nique_Ecole_2025-1-1.jpg 1500w\" sizes=\"auto, (max-width: 768px) 100vw, 768px\" \/><\/figure>\n\n\n\n<figure class=\"wp-block-image size-large\"><img loading=\"lazy\" decoding=\"async\" width=\"768\" height=\"1024\" data-id=\"7381\" src=\"https:\/\/jarnac-champagne.fr\/\/\/wp-content\/uploads\/2025\/07\/Pique_Nique_Ecole_2025-2-1-768x1024.jpg\" alt=\"\" class=\"wp-image-7381\" srcset=\"https:\/\/jarnac-champagne.fr\/wp-content\/uploads\/2025\/07\/Pique_Nique_Ecole_2025-2-1-768x1024.jpg 768w, https:\/\/jarnac-champagne.fr\/wp-content\/uploads\/2025\/07\/Pique_Nique_Ecole_2025-2-1-225x300.jpg 225w, https:\/\/jarnac-champagne.fr\/wp-content\/uploads\/2025\/07\/Pique_Nique_Ecole_2025-2-1-1152x1536.jpg 1152w, https:\/\/jarnac-champagne.fr\/wp-content\/uploads\/2025\/07\/Pique_Nique_Ecole_2025-2-1-1320x1760.jpg 1320w, https:\/\/jarnac-champagne.fr\/wp-content\/uploads\/2025\/07\/Pique_Nique_Ecole_2025-2-1.jpg 1500w\" sizes=\"auto, (max-width: 768px) 100vw, 768px\" \/><\/figure>\n\n\n\n<figure class=\"wp-block-image size-large\"><img loading=\"lazy\" decoding=\"async\" width=\"768\" height=\"1024\" data-id=\"7384\" src=\"https:\/\/jarnac-champagne.fr\/\/\/wp-content\/uploads\/2025\/07\/Pique_Nique_Ecole_2025-6-768x1024.jpg\" alt=\"\" class=\"wp-image-7384\" srcset=\"https:\/\/jarnac-champagne.fr\/wp-content\/uploads\/2025\/07\/Pique_Nique_Ecole_2025-6-768x1024.jpg 768w, https:\/\/jarnac-champagne.fr\/wp-content\/uploads\/2025\/07\/Pique_Nique_Ecole_2025-6-225x300.jpg 225w, https:\/\/jarnac-champagne.fr\/wp-content\/uploads\/2025\/07\/Pique_Nique_Ecole_2025-6-1152x1536.jpg 1152w, https:\/\/jarnac-champagne.fr\/wp-content\/uploads\/2025\/07\/Pique_Nique_Ecole_2025-6-1320x1760.jpg 1320w, https:\/\/jarnac-champagne.fr\/wp-content\/uploads\/2025\/07\/Pique_Nique_Ecole_2025-6.jpg 1500w\" sizes=\"auto, (max-width: 768px) 100vw, 768px\" \/><\/figure>\n\n\n\n<figure class=\"wp-block-image size-large\"><img loading=\"lazy\" decoding=\"async\" width=\"768\" height=\"1024\" data-id=\"7380\" src=\"https:\/\/jarnac-champagne.fr\/\/\/wp-content\/uploads\/2025\/07\/Pique_Nique_Ecole_2025-3-1-768x1024.jpg\" alt=\"\" class=\"wp-image-7380\" srcset=\"https:\/\/jarnac-champagne.fr\/wp-content\/uploads\/2025\/07\/Pique_Nique_Ecole_2025-3-1-768x1024.jpg 768w, https:\/\/jarnac-champagne.fr\/wp-content\/uploads\/2025\/07\/Pique_Nique_Ecole_2025-3-1-225x300.jpg 225w, https:\/\/jarnac-champagne.fr\/wp-content\/uploads\/2025\/07\/Pique_Nique_Ecole_2025-3-1-1152x1536.jpg 1152w, https:\/\/jarnac-champagne.fr\/wp-content\/uploads\/2025\/07\/Pique_Nique_Ecole_2025-3-1-1320x1760.jpg 1320w, https:\/\/jarnac-champagne.fr\/wp-content\/uploads\/2025\/07\/Pique_Nique_Ecole_2025-3-1.jpg 1500w\" sizes=\"auto, (max-width: 768px) 100vw, 768px\" \/><\/figure>\n\n\n\n<figure class=\"wp-block-image size-large\"><img loading=\"lazy\" decoding=\"async\" width=\"1024\" height=\"768\" data-id=\"7383\" src=\"https:\/\/jarnac-champagne.fr\/\/\/wp-content\/uploads\/2025\/07\/Pique_Nique_Ecole_2025-4-1024x768.jpg\" alt=\"\" class=\"wp-image-7383\" srcset=\"https:\/\/jarnac-champagne.fr\/wp-content\/uploads\/2025\/07\/Pique_Nique_Ecole_2025-4-1024x768.jpg 1024w, https:\/\/jarnac-champagne.fr\/wp-content\/uploads\/2025\/07\/Pique_Nique_Ecole_2025-4-300x225.jpg 300w, https:\/\/jarnac-champagne.fr\/wp-content\/uploads\/2025\/07\/Pique_Nique_Ecole_2025-4-768x576.jpg 768w, https:\/\/jarnac-champagne.fr\/wp-content\/uploads\/2025\/07\/Pique_Nique_Ecole_2025-4-1536x1152.jpg 1536w, https:\/\/jarnac-champagne.fr\/wp-content\/uploads\/2025\/07\/Pique_Nique_Ecole_2025-4-1320x990.jpg 1320w, https:\/\/jarnac-champagne.fr\/wp-content\/uploads\/2025\/07\/Pique_Nique_Ecole_2025-4.jpg 2000w\" sizes=\"auto, (max-width: 1024px) 100vw, 1024px\" \/><\/figure>\n\n\n\n<figure class=\"wp-block-image size-large\"><img loading=\"lazy\" decoding=\"async\" width=\"1024\" height=\"768\" data-id=\"7389\" src=\"https:\/\/jarnac-champagne.fr\/\/\/wp-content\/uploads\/2025\/07\/Pique_Nique_Ecole_2025-5-1024x768.jpg\" alt=\"\" class=\"wp-image-7389\" srcset=\"https:\/\/jarnac-champagne.fr\/wp-content\/uploads\/2025\/07\/Pique_Nique_Ecole_2025-5-1024x768.jpg 1024w, https:\/\/jarnac-champagne.fr\/wp-content\/uploads\/2025\/07\/Pique_Nique_Ecole_2025-5-300x225.jpg 300w, https:\/\/jarnac-champagne.fr\/wp-content\/uploads\/2025\/07\/Pique_Nique_Ecole_2025-5-768x576.jpg 768w, https:\/\/jarnac-champagne.fr\/wp-content\/uploads\/2025\/07\/Pique_Nique_Ecole_2025-5-1536x1152.jpg 1536w, https:\/\/jarnac-champagne.fr\/wp-content\/uploads\/2025\/07\/Pique_Nique_Ecole_2025-5-1320x990.jpg 1320w, https:\/\/jarnac-champagne.fr\/wp-content\/uploads\/2025\/07\/Pique_Nique_Ecole_2025-5.jpg 2000w\" sizes=\"auto, (max-width: 1024px) 100vw, 1024px\" \/><\/figure>\n<\/figure>\n\n\n\n<p><\/p>\n","protected":false},"excerpt":{"rendered":"<p>Pour f\u00eater la fin de l&rsquo;ann\u00e9e scolaire, le traditionnel pique-nique a eu lieu dans le magnifique parc Barabeau. Au menu<\/p>\n","protected":false},"author":1,"featured_media":103,"comment_status":"open","ping_status":"open","sticky":false,"template":"","format":"standard","meta":{"colormag_page_container_layout":"default_layout","colormag_page_sidebar_layout":"default_layout","footnotes":""},"categories":[5],"tags":[],"class_list":["post-7376","post","type-post","status-publish","format-standard","has-post-thumbnail","hentry","category-infos-ecole"],"_links":{"self":[{"href":"https:\/\/jarnac-champagne.fr\/index.php\/wp-json\/wp\/v2\/posts\/7376","targetHints":{"allow":["GET"]}}],"collection":[{"href":"https:\/\/jarnac-champagne.fr\/index.php\/wp-json\/wp\/v2\/posts"}],"about":[{"href":"https:\/\/jarnac-champagne.fr\/index.php\/wp-json\/wp\/v2\/types\/post"}],"author":[{"embeddable":true,"href":"https:\/\/jarnac-champagne.fr\/index.php\/wp-json\/wp\/v2\/users\/1"}],"replies":[{"embeddable":true,"href":"https:\/\/jarnac-champagne.fr\/index.php\/wp-json\/wp\/v2\/comments?post=7376"}],"version-history":[{"count":4,"href":"https:\/\/jarnac-champagne.fr\/index.php\/wp-json\/wp\/v2\/posts\/7376\/revisions"}],"predecessor-version":[{"id":7398,"href":"https:\/\/jarnac-champagne.fr\/index.php\/wp-json\/wp\/v2\/posts\/7376\/revisions\/7398"}],"wp:featuredmedia":[{"embeddable":true,"href":"https:\/\/jarnac-champagne.fr\/index.php\/wp-json\/wp\/v2\/media\/103"}],"wp:attachment":[{"href":"https:\/\/jarnac-champagne.fr\/index.php\/wp-json\/wp\/v2\/media?parent=7376"}],"wp:term":[{"taxonomy":"category","embeddable":true,"href":"https:\/\/jarnac-champagne.fr\/index.php\/wp-json\/wp\/v2\/categories?post=7376"},{"taxonomy":"post_tag","embeddable":true,"href":"https:\/\/jarnac-champagne.fr\/index.php\/wp-json\/wp\/v2\/tags?post=7376"}],"curies":[{"name":"wp","href":"https:\/\/api.w.org\/{rel}","templated":true}]}}