{"id":7399,"date":"2025-07-11T18:02:26","date_gmt":"2025-07-11T16:02:26","guid":{"rendered":"https:\/\/jarnac-champagne.fr\/\/\/?p=7399"},"modified":"2025-07-11T23:33:09","modified_gmt":"2025-07-11T21:33:09","slug":"la-cyber-malveillance","status":"publish","type":"post","link":"https:\/\/jarnac-champagne.fr\/index.php\/2025\/07\/11\/la-cyber-malveillance\/","title":{"rendered":"La cyber malveillance"},"content":{"rendered":"\n<p>Lors du caf\u00e9 m\u00e9moire du 23 juin, l\u2019association France Alzheimer Charente-Maritime a organis\u00e9 en partenariat avec la municipalit\u00e9 de Jarnac Champagne une conf\u00e9rence sur le th\u00e8me de la cyber malveillance.<\/p>\n\n\n\n<p>Cette initiative est une des actions entreprises par l\u2019association et le groupement de gendarmerie de Charente-Maritime \u00e0 la suite de la convention sign\u00e9e au printemps entre ces deux entit\u00e9s.<\/p>\n\n\n\n<p>Des gendarmes de l\u2019unit\u00e9 sp\u00e9cialis\u00e9e cyber ont pr\u00e9sent\u00e9 au nombreux public les moyens de pr\u00e9venir les risques d\u2019arnaque tr\u00e8s fr\u00e9quents sur internet&nbsp;; ils ont aussi bien expliqu\u00e9 que l\u2019ordinateur fait ce que l\u2019homme lui demande \u2026.et ils ont donc bien insist\u00e9 sur la prudence n\u00e9cessaire face \u00e0 des sollicitations \u00ab&nbsp;urgentes&nbsp;\u00bb <\/p>\n\n\n\n<p>Quelques conseils et des bonnes pratiques que nous vous conseillons d&rsquo;adopter :<\/p>\n\n\n\n<ul class=\"wp-block-list\">\n<li><mark style=\"background-color:rgba(0, 0, 0, 0)\" class=\"has-inline-color has-pale-pink-color\">Ne pas r\u00e9pondre \u00e0 un \u00ab&nbsp;conseiller bancaire&nbsp;\u00bb mais de raccrocher et d\u2019appeler la banque afin de v\u00e9rifier l\u2019appel<\/mark><\/li>\n<\/ul>\n\n\n\n<ul class=\"wp-block-list\">\n<li><mark style=\"background-color:rgba(0, 0, 0, 0)\" class=\"has-inline-color has-vivid-green-cyan-color\">Choisir des mots assez longs, sans lien avec nos donn\u00e9es personnelles et mettre en \u0153uvre la double authentification<\/mark><\/li>\n<\/ul>\n\n\n\n<ul class=\"wp-block-list\">\n<li><mark style=\"background-color:rgba(0, 0, 0, 0)\" class=\"has-inline-color has-luminous-vivid-orange-color\">D\u00e9poser plainte en cas d\u2019arnaque et le faire sur internet en ligne pour gagner du temps et voir la plainte prise en compte tr\u00e8s rapidement&nbsp;<\/mark><\/li>\n<\/ul>\n\n\n\n<p>Ils ont aussi pr\u00e9sent\u00e9 l\u2019agence nationale pour la s\u00e9curit\u00e9 des syst\u00e8mes d\u2019information ( ANSSI ), la plateforme 17&nbsp;<a href=\"http:\/\/cyber.gouv.fr\/\" target=\"_blank\" rel=\"noreferrer noopener\">cyber.gouv.fr<\/a>&nbsp;et SecNumacademie, dispositif gratuit et accessible \u00e0 tous pour se former et progresser sur la cyber s\u00e9curit\u00e9.<\/p>\n\n\n\n<p>Voici quelques liens tr\u00e8s int\u00e9ressants et des vid\u00e9os de sensibilisation :<\/p>\n\n\n\n<p><strong><u><mark style=\"background-color:rgba(0, 0, 0, 0)\" class=\"has-inline-color has-luminous-vivid-orange-color\">DISPOSITIF NATIONAL D\u2019ASSISTANCE AUX VICTIMES DE CYBERMALVEILLANCE&nbsp;:&nbsp;<\/mark><\/u><\/strong><\/p>\n\n\n\n<p><a href=\"https:\/\/www.cybermalveillance.gouv.fr\">https:\/\/www.cybermalveillance.gouv.fr<\/a><\/p>\n\n\n\n<p><a href=\"https:\/\/17cyber.gouv.fr\">https:\/\/17cyber.gouv.fr<\/a><\/p>\n\n\n\n<p><strong><u><mark style=\"background-color:rgba(0, 0, 0, 0)\" class=\"has-inline-color has-pale-pink-color\">Sites pr\u00e9sent\u00e9s pendant la sensibilisation&nbsp;:<\/mark><\/u><\/strong><\/p>\n\n\n\n<p><strong>Pour savoir si vos informations ont fuit\u00e9 d\u2019un ou plusieurs comptes\u00a0:\u00a0<a href=\"https:\/\/mibc-fr-11.mailinblack.com\/securelink\/?url=https:\/\/haveibeenpwned.com&amp;key=eyJsYW5nIjoiRlIiLCJ1cmwiOiJodHRwczovL2hhdmVpYmVlbnB3bmVkLmNvbS8iLCJ0b2tlbiI6ImdBQUFBQUJvVVdWQ1oyZHliZ2hFbFNkZjBhWDFRamRnVk9iRmFKQ21xZklLbG5XVjh5WGh4Q0h5WjdYbzlLem14X1oxVFh0RGhuYVNMTFMwVm1fT1F3dFpZbFBodlpTV2ZwVGpVbkJlckNwVEFZcWQtb0NJUHppY0M2Y2k0dDhmaGFJS1pRRkttTTBNdWlfdnVtS0N3ZFpiRURCcXQycFlvbVVoSjJIeUdKRVR4WW43TnMtb2cxckZaOUp0Rk5pTDRpU3EyUVFWWTFfVDd3bDdSSV82R3I3OGpnT01wOThxVnJLSE9JemJPZVBrWWdBaGdiNjFWTWQ1QzFvb3FXV0pXNjJvRUtaYzROMVN3N0pnM2VNQ0tRZnAyV3JUWW9BRmxSdlpfR1lmUmJFNWEyTk5nOGRzSHdNYmhBQmtFYmQ2Sm55bm5JUHRPNVZDIn0=\" target=\"_blank\" rel=\"noreferrer noopener\">https:\/\/haveibeenpwned.com\/<\/a><\/strong><\/p>\n\n\n\n<p><strong><mark style=\"background-color:rgba(0, 0, 0, 0)\" class=\"has-inline-color has-vivid-purple-color\">Pour se former&nbsp;:&nbsp;<\/mark><\/strong><\/p>\n\n\n\n<p><strong>Senscyber : 2H environ<\/strong><\/p>\n\n\n\n<p><a href=\"https:\/\/www.cybermalveillance.gouv.fr\/sens-cyber\/apprendre\">https:\/\/www.cybermalveillance.gouv.fr\/sens-cyber\/apprendre<\/a><\/p>\n\n\n\n<p><strong>Mooc de l&rsquo;ANSSI : 20H environ<\/strong><\/p>\n\n\n\n<p><a href=\"https:\/\/secnumacademie.gouv.fr\">https:\/\/secnumacademie.gouv.fr<\/a><\/p>\n\n\n\n<figure class=\"wp-block-embed is-type-video is-provider-youtube wp-block-embed-youtube wp-embed-aspect-16-9 wp-has-aspect-ratio\"><div class=\"wp-block-embed__wrapper\">\n<iframe loading=\"lazy\" title=\"Appel faux conseiller bancaire - Version int\u00e9grale\" width=\"800\" height=\"450\" src=\"https:\/\/www.youtube.com\/embed\/aBGMYPDhvaU?feature=oembed\" frameborder=\"0\" allow=\"accelerometer; autoplay; clipboard-write; encrypted-media; gyroscope; picture-in-picture; web-share\" referrerpolicy=\"strict-origin-when-cross-origin\" allowfullscreen><\/iframe>\n<\/div><\/figure>\n","protected":false},"excerpt":{"rendered":"<p>Lors du caf\u00e9 m\u00e9moire du 23 juin, l\u2019association France Alzheimer Charente-Maritime a organis\u00e9 en partenariat avec la municipalit\u00e9 de Jarnac<\/p>\n","protected":false},"author":1,"featured_media":105,"comment_status":"open","ping_status":"open","sticky":false,"template":"","format":"standard","meta":{"colormag_page_container_layout":"default_layout","colormag_page_sidebar_layout":"default_layout","footnotes":""},"categories":[9,4],"tags":[],"class_list":["post-7399","post","type-post","status-publish","format-standard","has-post-thumbnail","hentry","category-informations-diverses","category-infos-mairie"],"_links":{"self":[{"href":"https:\/\/jarnac-champagne.fr\/index.php\/wp-json\/wp\/v2\/posts\/7399","targetHints":{"allow":["GET"]}}],"collection":[{"href":"https:\/\/jarnac-champagne.fr\/index.php\/wp-json\/wp\/v2\/posts"}],"about":[{"href":"https:\/\/jarnac-champagne.fr\/index.php\/wp-json\/wp\/v2\/types\/post"}],"author":[{"embeddable":true,"href":"https:\/\/jarnac-champagne.fr\/index.php\/wp-json\/wp\/v2\/users\/1"}],"replies":[{"embeddable":true,"href":"https:\/\/jarnac-champagne.fr\/index.php\/wp-json\/wp\/v2\/comments?post=7399"}],"version-history":[{"count":3,"href":"https:\/\/jarnac-champagne.fr\/index.php\/wp-json\/wp\/v2\/posts\/7399\/revisions"}],"predecessor-version":[{"id":7402,"href":"https:\/\/jarnac-champagne.fr\/index.php\/wp-json\/wp\/v2\/posts\/7399\/revisions\/7402"}],"wp:featuredmedia":[{"embeddable":true,"href":"https:\/\/jarnac-champagne.fr\/index.php\/wp-json\/wp\/v2\/media\/105"}],"wp:attachment":[{"href":"https:\/\/jarnac-champagne.fr\/index.php\/wp-json\/wp\/v2\/media?parent=7399"}],"wp:term":[{"taxonomy":"category","embeddable":true,"href":"https:\/\/jarnac-champagne.fr\/index.php\/wp-json\/wp\/v2\/categories?post=7399"},{"taxonomy":"post_tag","embeddable":true,"href":"https:\/\/jarnac-champagne.fr\/index.php\/wp-json\/wp\/v2\/tags?post=7399"}],"curies":[{"name":"wp","href":"https:\/\/api.w.org\/{rel}","templated":true}]}}