{"id":744,"date":"2020-08-14T17:52:52","date_gmt":"2020-08-14T15:52:52","guid":{"rendered":"https:\/\/jarnac-champagne.fr\/\/\/?p=744"},"modified":"2020-08-15T07:56:28","modified_gmt":"2020-08-15T05:56:28","slug":"le-restaurant-le-coude-a-coude-fete-ses-15-ans","status":"publish","type":"post","link":"https:\/\/jarnac-champagne.fr\/index.php\/2020\/08\/14\/le-restaurant-le-coude-a-coude-fete-ses-15-ans\/","title":{"rendered":"Le restaurant \u00ab\u00a0Le Coude \u00e0 Coude\u00a0\u00bb f\u00eate ses 15 ans !"},"content":{"rendered":"\n<p>Que d&rsquo;anniversaires, apr\u00e8s la boucherie, c&rsquo;est au tour du restaurant&#8230; Nos commer\u00e7ants sont \u00e0 l&rsquo;honneur ! Un grand merci \u00e0 eux pour contribuer au dynamisme de notre village.<\/p>\n\n\n\n<div class=\"wp-block-image is-style-rounded\"><figure class=\"aligncenter size-full\"><img loading=\"lazy\" decoding=\"async\" width=\"1024\" height=\"963\" src=\"https:\/\/jarnac-champagne.fr\/\/\/wp-content\/uploads\/2020\/08\/15_Ans_Coude_A_Coude_20202.jpg\" alt=\"\" class=\"wp-image-746\" srcset=\"https:\/\/jarnac-champagne.fr\/wp-content\/uploads\/2020\/08\/15_Ans_Coude_A_Coude_20202.jpg 1024w, https:\/\/jarnac-champagne.fr\/wp-content\/uploads\/2020\/08\/15_Ans_Coude_A_Coude_20202-300x282.jpg 300w, https:\/\/jarnac-champagne.fr\/wp-content\/uploads\/2020\/08\/15_Ans_Coude_A_Coude_20202-768x722.jpg 768w\" sizes=\"auto, (max-width: 1024px) 100vw, 1024px\" \/><\/figure><\/div>\n\n\n\n<p><em>Haute-Saintonge &#8211; 14-08-20<\/em><\/p>\n\n\n\n<div class=\"wp-block-image\"><figure class=\"aligncenter size-large\"><img loading=\"lazy\" decoding=\"async\" width=\"788\" height=\"1024\" src=\"https:\/\/jarnac-champagne.fr\/\/\/wp-content\/uploads\/2020\/08\/15_Ans_Restau_08-20-788x1024.jpeg\" alt=\"\" class=\"wp-image-745\" srcset=\"https:\/\/jarnac-champagne.fr\/wp-content\/uploads\/2020\/08\/15_Ans_Restau_08-20-788x1024.jpeg 788w, https:\/\/jarnac-champagne.fr\/wp-content\/uploads\/2020\/08\/15_Ans_Restau_08-20-231x300.jpeg 231w, https:\/\/jarnac-champagne.fr\/wp-content\/uploads\/2020\/08\/15_Ans_Restau_08-20-768x998.jpeg 768w, https:\/\/jarnac-champagne.fr\/wp-content\/uploads\/2020\/08\/15_Ans_Restau_08-20-1181x1536.jpeg 1181w, https:\/\/jarnac-champagne.fr\/wp-content\/uploads\/2020\/08\/15_Ans_Restau_08-20-1575x2048.jpeg 1575w, https:\/\/jarnac-champagne.fr\/wp-content\/uploads\/2020\/08\/15_Ans_Restau_08-20.jpeg 1846w\" sizes=\"auto, (max-width: 788px) 100vw, 788px\" \/><\/figure><\/div>\n","protected":false},"excerpt":{"rendered":"<p>Que d&rsquo;anniversaires, apr\u00e8s la boucherie, c&rsquo;est au tour du restaurant&#8230; Nos commer\u00e7ants sont \u00e0 l&rsquo;honneur ! Un grand merci \u00e0<\/p>\n","protected":false},"author":1,"featured_media":348,"comment_status":"open","ping_status":"open","sticky":false,"template":"","format":"standard","meta":{"colormag_page_container_layout":"default_layout","colormag_page_sidebar_layout":"default_layout","footnotes":""},"categories":[8],"tags":[],"class_list":["post-744","post","type-post","status-publish","format-standard","has-post-thumbnail","hentry","category-presse"],"_links":{"self":[{"href":"https:\/\/jarnac-champagne.fr\/index.php\/wp-json\/wp\/v2\/posts\/744","targetHints":{"allow":["GET"]}}],"collection":[{"href":"https:\/\/jarnac-champagne.fr\/index.php\/wp-json\/wp\/v2\/posts"}],"about":[{"href":"https:\/\/jarnac-champagne.fr\/index.php\/wp-json\/wp\/v2\/types\/post"}],"author":[{"embeddable":true,"href":"https:\/\/jarnac-champagne.fr\/index.php\/wp-json\/wp\/v2\/users\/1"}],"replies":[{"embeddable":true,"href":"https:\/\/jarnac-champagne.fr\/index.php\/wp-json\/wp\/v2\/comments?post=744"}],"version-history":[{"count":4,"href":"https:\/\/jarnac-champagne.fr\/index.php\/wp-json\/wp\/v2\/posts\/744\/revisions"}],"predecessor-version":[{"id":755,"href":"https:\/\/jarnac-champagne.fr\/index.php\/wp-json\/wp\/v2\/posts\/744\/revisions\/755"}],"wp:featuredmedia":[{"embeddable":true,"href":"https:\/\/jarnac-champagne.fr\/index.php\/wp-json\/wp\/v2\/media\/348"}],"wp:attachment":[{"href":"https:\/\/jarnac-champagne.fr\/index.php\/wp-json\/wp\/v2\/media?parent=744"}],"wp:term":[{"taxonomy":"category","embeddable":true,"href":"https:\/\/jarnac-champagne.fr\/index.php\/wp-json\/wp\/v2\/categories?post=744"},{"taxonomy":"post_tag","embeddable":true,"href":"https:\/\/jarnac-champagne.fr\/index.php\/wp-json\/wp\/v2\/tags?post=744"}],"curies":[{"name":"wp","href":"https:\/\/api.w.org\/{rel}","templated":true}]}}