{"id":7512,"date":"2025-10-01T20:25:35","date_gmt":"2025-10-01T18:25:35","guid":{"rendered":"https:\/\/jarnac-champagne.fr\/?p=7512"},"modified":"2025-10-01T20:25:35","modified_gmt":"2025-10-01T18:25:35","slug":"le-chef-du-coude-a-coude-sur-les-ondes","status":"publish","type":"post","link":"https:\/\/jarnac-champagne.fr\/index.php\/2025\/10\/01\/le-chef-du-coude-a-coude-sur-les-ondes\/","title":{"rendered":"Le chef du Coude \u00e0 Coude sur les ondes"},"content":{"rendered":"\n<p>La semaine derni\u00e8re, tous les matins, le chef J\u00e9r\u00e9mie Deberque a pr\u00e9sent\u00e9 une recette accessible \u00e0 tous sur la radio locale \u00ab\u00a0Ici La Rochelle\u00a0\u00bb.<\/p>\n\n\n\n<p>Jarnac-Champagne, le restaurant et les producteurs locaux \u00e9taient \u00e0 l&rsquo;honneur. Merci \u00e0 J\u00e9r\u00e9mie.<\/p>\n\n\n\n<p>Et si vous n&rsquo;avez pas eu l&rsquo;occasion d&rsquo;\u00e9couter le direct, voici les enregistrements. A vos fourneaux !<\/p>\n\n\n\n<p><strong><mark style=\"background-color:rgba(0, 0, 0, 0)\" class=\"has-inline-color has-cm-color-2-color\">LUNDI : La tarte aux c\u00e8pes<\/mark><\/strong><\/p>\n\n\n\n<figure class=\"wp-block-audio\"><audio controls src=\"https:\/\/jarnac-champagne.fr\/wp-content\/uploads\/2025\/10\/1.-Recette-tarte-aux-cepes-22.9.2025.mp3\"><\/audio><\/figure>\n\n\n\n<p><strong><mark style=\"background-color:rgba(0, 0, 0, 0);color:#db762f\" class=\"has-inline-color\">MARDI : Le financier aux figues<\/mark><\/strong><\/p>\n\n\n\n<figure class=\"wp-block-audio\"><audio controls src=\"https:\/\/jarnac-champagne.fr\/wp-content\/uploads\/2025\/10\/2.-Recette-financier-figues-23.9.25.mp3\"><\/audio><\/figure>\n\n\n\n<p><strong><mark style=\"background-color:rgba(0, 0, 0, 0);color:#386643\" class=\"has-inline-color\">MERCREDI : Le merlan pan\u00e9<\/mark><\/strong><\/p>\n\n\n\n<figure class=\"wp-block-audio\"><audio controls src=\"https:\/\/jarnac-champagne.fr\/wp-content\/uploads\/2025\/10\/3.-Recette-merlan-pane-24.9.25.mp3\"><\/audio><\/figure>\n\n\n\n<p><strong><mark style=\"background-color:rgba(0, 0, 0, 0);color:#e03232\" class=\"has-inline-color\">JEUDI : La cuisse d&rsquo;oie<\/mark><\/strong><\/p>\n\n\n\n<figure class=\"wp-block-audio\"><audio controls src=\"https:\/\/jarnac-champagne.fr\/wp-content\/uploads\/2025\/10\/4.-Recette-cuisse-d_oie-25.9.25.mp3\"><\/audio><\/figure>\n\n\n\n<p><mark style=\"background-color:rgba(0, 0, 0, 0);color:#612e94\" class=\"has-inline-color\"><strong>VENDREDI : La chaudr\u00e9e charentaise<\/strong><\/mark><\/p>\n\n\n\n<figure class=\"wp-block-audio\"><audio controls src=\"https:\/\/jarnac-champagne.fr\/wp-content\/uploads\/2025\/10\/5.-Recette-chaudree-charentaise-26.9.25.mp3\"><\/audio><\/figure>\n","protected":false},"excerpt":{"rendered":"<p>La semaine derni\u00e8re, tous les matins, le chef J\u00e9r\u00e9mie Deberque a pr\u00e9sent\u00e9 une recette accessible \u00e0 tous sur la radio<\/p>\n","protected":false},"author":1,"featured_media":1134,"comment_status":"open","ping_status":"open","sticky":false,"template":"","format":"standard","meta":{"colormag_page_container_layout":"default_layout","colormag_page_sidebar_layout":"default_layout","footnotes":""},"categories":[19],"tags":[],"class_list":["post-7512","post","type-post","status-publish","format-standard","has-post-thumbnail","hentry","category-commerces"],"_links":{"self":[{"href":"https:\/\/jarnac-champagne.fr\/index.php\/wp-json\/wp\/v2\/posts\/7512","targetHints":{"allow":["GET"]}}],"collection":[{"href":"https:\/\/jarnac-champagne.fr\/index.php\/wp-json\/wp\/v2\/posts"}],"about":[{"href":"https:\/\/jarnac-champagne.fr\/index.php\/wp-json\/wp\/v2\/types\/post"}],"author":[{"embeddable":true,"href":"https:\/\/jarnac-champagne.fr\/index.php\/wp-json\/wp\/v2\/users\/1"}],"replies":[{"embeddable":true,"href":"https:\/\/jarnac-champagne.fr\/index.php\/wp-json\/wp\/v2\/comments?post=7512"}],"version-history":[{"count":2,"href":"https:\/\/jarnac-champagne.fr\/index.php\/wp-json\/wp\/v2\/posts\/7512\/revisions"}],"predecessor-version":[{"id":7519,"href":"https:\/\/jarnac-champagne.fr\/index.php\/wp-json\/wp\/v2\/posts\/7512\/revisions\/7519"}],"wp:featuredmedia":[{"embeddable":true,"href":"https:\/\/jarnac-champagne.fr\/index.php\/wp-json\/wp\/v2\/media\/1134"}],"wp:attachment":[{"href":"https:\/\/jarnac-champagne.fr\/index.php\/wp-json\/wp\/v2\/media?parent=7512"}],"wp:term":[{"taxonomy":"category","embeddable":true,"href":"https:\/\/jarnac-champagne.fr\/index.php\/wp-json\/wp\/v2\/categories?post=7512"},{"taxonomy":"post_tag","embeddable":true,"href":"https:\/\/jarnac-champagne.fr\/index.php\/wp-json\/wp\/v2\/tags?post=7512"}],"curies":[{"name":"wp","href":"https:\/\/api.w.org\/{rel}","templated":true}]}}