{"id":759,"date":"2020-08-18T08:17:58","date_gmt":"2020-08-18T06:17:58","guid":{"rendered":"https:\/\/jarnac-champagne.fr\/\/\/?p=759"},"modified":"2020-08-18T08:23:11","modified_gmt":"2020-08-18T06:23:11","slug":"survol-helicoptere","status":"publish","type":"post","link":"https:\/\/jarnac-champagne.fr\/index.php\/2020\/08\/18\/survol-helicoptere\/","title":{"rendered":"Survol h\u00e9licopt\u00e8re"},"content":{"rendered":"\n<p>La soci\u00e9t\u00e9 GIRAGRI 17 nous informe :<\/p>\n\n\n\n<p>Dans le cadre de la surveillance des lignes moyennes tensions pour le compte d&rsquo;ENEDIS, nous avons l\u2019honneur de vous informer que notre h\u00e9licopt\u00e8re survolera le territoire de votre commune \u00e0 tr\u00e8s basse altitude pendant la p\u00e9riode du\u00a0<strong>24 Ao\u00fbt 2020 au 9 Octobre 2020<\/strong>, cette date pouvant \u00eatre modifi\u00e9e en fonction des conditions m\u00e9t\u00e9orologiques.<\/p>\n\n\n\n<p>Caract\u00e9ristiques des h\u00e9licopt\u00e8res utilis\u00e9s&nbsp;:<\/p>\n\n\n\n<p><span class=\"has-inline-color has-luminous-vivid-amber-color\"><strong>BELL\u00a0206B Jet Ranger de couleur verte, Immatriculations : F-HCRI ou F-HCRH<\/strong><\/span><\/p>\n","protected":false},"excerpt":{"rendered":"<p>La soci\u00e9t\u00e9 GIRAGRI 17 nous informe : Dans le cadre de la surveillance des lignes moyennes tensions pour le compte<\/p>\n","protected":false},"author":1,"featured_media":105,"comment_status":"open","ping_status":"open","sticky":false,"template":"","format":"standard","meta":{"colormag_page_container_layout":"default_layout","colormag_page_sidebar_layout":"default_layout","footnotes":""},"categories":[4],"tags":[],"class_list":["post-759","post","type-post","status-publish","format-standard","has-post-thumbnail","hentry","category-infos-mairie"],"_links":{"self":[{"href":"https:\/\/jarnac-champagne.fr\/index.php\/wp-json\/wp\/v2\/posts\/759","targetHints":{"allow":["GET"]}}],"collection":[{"href":"https:\/\/jarnac-champagne.fr\/index.php\/wp-json\/wp\/v2\/posts"}],"about":[{"href":"https:\/\/jarnac-champagne.fr\/index.php\/wp-json\/wp\/v2\/types\/post"}],"author":[{"embeddable":true,"href":"https:\/\/jarnac-champagne.fr\/index.php\/wp-json\/wp\/v2\/users\/1"}],"replies":[{"embeddable":true,"href":"https:\/\/jarnac-champagne.fr\/index.php\/wp-json\/wp\/v2\/comments?post=759"}],"version-history":[{"count":2,"href":"https:\/\/jarnac-champagne.fr\/index.php\/wp-json\/wp\/v2\/posts\/759\/revisions"}],"predecessor-version":[{"id":761,"href":"https:\/\/jarnac-champagne.fr\/index.php\/wp-json\/wp\/v2\/posts\/759\/revisions\/761"}],"wp:featuredmedia":[{"embeddable":true,"href":"https:\/\/jarnac-champagne.fr\/index.php\/wp-json\/wp\/v2\/media\/105"}],"wp:attachment":[{"href":"https:\/\/jarnac-champagne.fr\/index.php\/wp-json\/wp\/v2\/media?parent=759"}],"wp:term":[{"taxonomy":"category","embeddable":true,"href":"https:\/\/jarnac-champagne.fr\/index.php\/wp-json\/wp\/v2\/categories?post=759"},{"taxonomy":"post_tag","embeddable":true,"href":"https:\/\/jarnac-champagne.fr\/index.php\/wp-json\/wp\/v2\/tags?post=759"}],"curies":[{"name":"wp","href":"https:\/\/api.w.org\/{rel}","templated":true}]}}