{"id":776,"date":"2020-08-18T22:33:09","date_gmt":"2020-08-18T20:33:09","guid":{"rendered":"https:\/\/jarnac-champagne.fr\/\/\/?p=776"},"modified":"2020-08-18T22:33:10","modified_gmt":"2020-08-18T20:33:10","slug":"containers-verre-et-borne-textile","status":"publish","type":"post","link":"https:\/\/jarnac-champagne.fr\/index.php\/2020\/08\/18\/containers-verre-et-borne-textile\/","title":{"rendered":"Containers \u00ab\u00a0verre\u00a0\u00bb et borne \u00ab\u00a0textile\u00a0\u00bb"},"content":{"rendered":"\n<p><strong><span class=\"has-inline-color has-luminous-vivid-amber-color\">ATTENTION !!!<\/span><\/strong> <span class=\"has-inline-color has-vivid-green-cyan-color\"><strong>Les containers \u00ab\u00a0verre\u00a0\u00bb et la borne \u00ab\u00a0textile\u00a0\u00bb d\u00e9bordent.<\/strong><\/span><\/p>\n\n\n\n<p>Il est inutile et d\u00e9conseill\u00e9 de d\u00e9poser \u00e0 c\u00f4t\u00e9. Nous savons qu&rsquo;il n&rsquo;est pas agr\u00e9able de devoir repartir avec son chargement&#8230;<\/p>\n\n\n\n<p>Cependant, nous comptons sur votre civisme et votre bon sens pour ne pas aggraver la situation.<\/p>\n\n\n\n<p>L&rsquo;\u00e9v\u00e8nement a \u00e9t\u00e9 signal\u00e9 d\u00e8s lundi matin et le sera encore demain.<\/p>\n\n\n\n<p>Merci pour votre compr\u00e9hension.<\/p>\n\n\n\n<figure class=\"wp-block-gallery columns-3 is-cropped wp-block-gallery-1 is-layout-flex wp-block-gallery-is-layout-flex\"><ul class=\"blocks-gallery-grid\"><li class=\"blocks-gallery-item\"><figure><img loading=\"lazy\" decoding=\"async\" width=\"768\" height=\"1024\" src=\"https:\/\/jarnac-champagne.fr\/\/\/wp-content\/uploads\/2020\/08\/Verre3-768x1024.jpg\" alt=\"\" data-id=\"780\" data-full-url=\"https:\/\/jarnac-champagne.fr\/\/\/wp-content\/uploads\/2020\/08\/Verre3.jpg\" data-link=\"https:\/\/jarnac-champagne.fr\/\/\/verre3\/\" class=\"wp-image-780\" srcset=\"https:\/\/jarnac-champagne.fr\/wp-content\/uploads\/2020\/08\/Verre3-768x1024.jpg 768w, https:\/\/jarnac-champagne.fr\/wp-content\/uploads\/2020\/08\/Verre3-225x300.jpg 225w, https:\/\/jarnac-champagne.fr\/wp-content\/uploads\/2020\/08\/Verre3-1152x1536.jpg 1152w, https:\/\/jarnac-champagne.fr\/wp-content\/uploads\/2020\/08\/Verre3-1536x2048.jpg 1536w, https:\/\/jarnac-champagne.fr\/wp-content\/uploads\/2020\/08\/Verre3.jpg 1836w\" sizes=\"auto, (max-width: 768px) 100vw, 768px\" \/><\/figure><\/li><li class=\"blocks-gallery-item\"><figure><img loading=\"lazy\" decoding=\"async\" width=\"768\" height=\"1024\" src=\"https:\/\/jarnac-champagne.fr\/\/\/wp-content\/uploads\/2020\/08\/Verre2-768x1024.jpg\" alt=\"\" data-id=\"779\" data-full-url=\"https:\/\/jarnac-champagne.fr\/\/\/wp-content\/uploads\/2020\/08\/Verre2-scaled.jpg\" data-link=\"https:\/\/jarnac-champagne.fr\/\/\/verre2\/\" class=\"wp-image-779\" srcset=\"https:\/\/jarnac-champagne.fr\/wp-content\/uploads\/2020\/08\/Verre2-768x1024.jpg 768w, https:\/\/jarnac-champagne.fr\/wp-content\/uploads\/2020\/08\/Verre2-225x300.jpg 225w, https:\/\/jarnac-champagne.fr\/wp-content\/uploads\/2020\/08\/Verre2-1152x1536.jpg 1152w, https:\/\/jarnac-champagne.fr\/wp-content\/uploads\/2020\/08\/Verre2-1536x2048.jpg 1536w, https:\/\/jarnac-champagne.fr\/wp-content\/uploads\/2020\/08\/Verre2-scaled.jpg 1920w\" sizes=\"auto, (max-width: 768px) 100vw, 768px\" \/><\/figure><\/li><li class=\"blocks-gallery-item\"><figure><img loading=\"lazy\" decoding=\"async\" width=\"768\" height=\"1024\" src=\"https:\/\/jarnac-champagne.fr\/\/\/wp-content\/uploads\/2020\/08\/Verre1-768x1024.jpg\" alt=\"\" data-id=\"778\" data-full-url=\"https:\/\/jarnac-champagne.fr\/\/\/wp-content\/uploads\/2020\/08\/Verre1.jpg\" data-link=\"https:\/\/jarnac-champagne.fr\/\/\/verre1\/\" class=\"wp-image-778\" srcset=\"https:\/\/jarnac-champagne.fr\/wp-content\/uploads\/2020\/08\/Verre1-768x1024.jpg 768w, https:\/\/jarnac-champagne.fr\/wp-content\/uploads\/2020\/08\/Verre1-225x300.jpg 225w, https:\/\/jarnac-champagne.fr\/wp-content\/uploads\/2020\/08\/Verre1-1152x1536.jpg 1152w, https:\/\/jarnac-champagne.fr\/wp-content\/uploads\/2020\/08\/Verre1-1536x2048.jpg 1536w, https:\/\/jarnac-champagne.fr\/wp-content\/uploads\/2020\/08\/Verre1.jpg 1836w\" sizes=\"auto, (max-width: 768px) 100vw, 768px\" \/><\/figure><\/li><\/ul><\/figure>\n","protected":false},"excerpt":{"rendered":"<p>ATTENTION !!! Les containers \u00ab\u00a0verre\u00a0\u00bb et la borne \u00ab\u00a0textile\u00a0\u00bb d\u00e9bordent. Il est inutile et d\u00e9conseill\u00e9 de d\u00e9poser \u00e0 c\u00f4t\u00e9. Nous<\/p>\n","protected":false},"author":1,"featured_media":105,"comment_status":"open","ping_status":"open","sticky":false,"template":"","format":"standard","meta":{"colormag_page_container_layout":"default_layout","colormag_page_sidebar_layout":"default_layout","footnotes":""},"categories":[4],"tags":[],"class_list":["post-776","post","type-post","status-publish","format-standard","has-post-thumbnail","hentry","category-infos-mairie"],"_links":{"self":[{"href":"https:\/\/jarnac-champagne.fr\/index.php\/wp-json\/wp\/v2\/posts\/776","targetHints":{"allow":["GET"]}}],"collection":[{"href":"https:\/\/jarnac-champagne.fr\/index.php\/wp-json\/wp\/v2\/posts"}],"about":[{"href":"https:\/\/jarnac-champagne.fr\/index.php\/wp-json\/wp\/v2\/types\/post"}],"author":[{"embeddable":true,"href":"https:\/\/jarnac-champagne.fr\/index.php\/wp-json\/wp\/v2\/users\/1"}],"replies":[{"embeddable":true,"href":"https:\/\/jarnac-champagne.fr\/index.php\/wp-json\/wp\/v2\/comments?post=776"}],"version-history":[{"count":2,"href":"https:\/\/jarnac-champagne.fr\/index.php\/wp-json\/wp\/v2\/posts\/776\/revisions"}],"predecessor-version":[{"id":781,"href":"https:\/\/jarnac-champagne.fr\/index.php\/wp-json\/wp\/v2\/posts\/776\/revisions\/781"}],"wp:featuredmedia":[{"embeddable":true,"href":"https:\/\/jarnac-champagne.fr\/index.php\/wp-json\/wp\/v2\/media\/105"}],"wp:attachment":[{"href":"https:\/\/jarnac-champagne.fr\/index.php\/wp-json\/wp\/v2\/media?parent=776"}],"wp:term":[{"taxonomy":"category","embeddable":true,"href":"https:\/\/jarnac-champagne.fr\/index.php\/wp-json\/wp\/v2\/categories?post=776"},{"taxonomy":"post_tag","embeddable":true,"href":"https:\/\/jarnac-champagne.fr\/index.php\/wp-json\/wp\/v2\/tags?post=776"}],"curies":[{"name":"wp","href":"https:\/\/api.w.org\/{rel}","templated":true}]}}