{"id":7769,"date":"2025-12-30T19:22:39","date_gmt":"2025-12-30T18:22:39","guid":{"rendered":"https:\/\/jarnac-champagne.fr\/?p=7769"},"modified":"2025-12-30T19:22:40","modified_gmt":"2025-12-30T18:22:40","slug":"collecte-des-sapins","status":"publish","type":"post","link":"https:\/\/jarnac-champagne.fr\/index.php\/2025\/12\/30\/collecte-des-sapins\/","title":{"rendered":"Collecte des sapins"},"content":{"rendered":"\n<p>Comme l&rsquo;an pass\u00e9, en partenariat avec la Communaut\u00e9 des Communes de Haute-Saintonge, nous vous proposons de d\u00e9poser vos sapins au <strong><mark style=\"background-color:rgba(0, 0, 0, 0);color:#375ac4\" class=\"has-inline-color\">point de collecte pr\u00e9vu \u00e0 cet effet, situ\u00e9 devant les ateliers municipaux.<\/mark><\/strong><\/p>\n\n\n\n<p><mark style=\"background-color:rgba(0, 0, 0, 0);color:#d39459\" class=\"has-inline-color\"><strong>ATTENTION ! <\/strong><\/mark><strong><mark style=\"background-color:rgba(0, 0, 0, 0);color:#bc7856\" class=\"has-inline-color\">Seuls les sapins non floqu\u00e9s de neige artificielle, sans pot, sans d\u00e9coration, sans filet, ni support en bois, pourront \u00eatre broy\u00e9s et r\u00e9utilis\u00e9s en paillage.<\/mark><\/strong><\/p>\n\n\n\n<p>Merci de bien respecter ces consignes, sinon, nous ne pourrons plus vous proposer ce service, ce qui serait dommage non ?<\/p>\n\n\n\n<figure class=\"wp-block-image aligncenter size-large\"><img loading=\"lazy\" decoding=\"async\" width=\"1024\" height=\"771\" src=\"https:\/\/jarnac-champagne.fr\/wp-content\/uploads\/2025\/12\/IMG_20251230_163544-1024x771.jpg\" alt=\"\" class=\"wp-image-7772\" srcset=\"https:\/\/jarnac-champagne.fr\/wp-content\/uploads\/2025\/12\/IMG_20251230_163544-1024x771.jpg 1024w, https:\/\/jarnac-champagne.fr\/wp-content\/uploads\/2025\/12\/IMG_20251230_163544-300x226.jpg 300w, https:\/\/jarnac-champagne.fr\/wp-content\/uploads\/2025\/12\/IMG_20251230_163544-768x578.jpg 768w, https:\/\/jarnac-champagne.fr\/wp-content\/uploads\/2025\/12\/IMG_20251230_163544-1536x1157.jpg 1536w, https:\/\/jarnac-champagne.fr\/wp-content\/uploads\/2025\/12\/IMG_20251230_163544-1320x994.jpg 1320w, https:\/\/jarnac-champagne.fr\/wp-content\/uploads\/2025\/12\/IMG_20251230_163544.jpg 1599w\" sizes=\"auto, (max-width: 1024px) 100vw, 1024px\" \/><\/figure>\n\n\n\n<figure class=\"wp-block-image aligncenter size-large\"><img loading=\"lazy\" decoding=\"async\" width=\"1024\" height=\"771\" src=\"https:\/\/jarnac-champagne.fr\/wp-content\/uploads\/2025\/12\/IMG_20251230_163546-1024x771.jpg\" alt=\"\" class=\"wp-image-7765\" srcset=\"https:\/\/jarnac-champagne.fr\/wp-content\/uploads\/2025\/12\/IMG_20251230_163546-1024x771.jpg 1024w, https:\/\/jarnac-champagne.fr\/wp-content\/uploads\/2025\/12\/IMG_20251230_163546-300x226.jpg 300w, https:\/\/jarnac-champagne.fr\/wp-content\/uploads\/2025\/12\/IMG_20251230_163546-768x578.jpg 768w, https:\/\/jarnac-champagne.fr\/wp-content\/uploads\/2025\/12\/IMG_20251230_163546-1536x1157.jpg 1536w, https:\/\/jarnac-champagne.fr\/wp-content\/uploads\/2025\/12\/IMG_20251230_163546-1320x994.jpg 1320w, https:\/\/jarnac-champagne.fr\/wp-content\/uploads\/2025\/12\/IMG_20251230_163546.jpg 1599w\" sizes=\"auto, (max-width: 1024px) 100vw, 1024px\" \/><\/figure>\n","protected":false},"excerpt":{"rendered":"<p>Comme l&rsquo;an pass\u00e9, en partenariat avec la Communaut\u00e9 des Communes de Haute-Saintonge, nous vous proposons de d\u00e9poser vos sapins au<\/p>\n","protected":false},"author":1,"featured_media":105,"comment_status":"open","ping_status":"open","sticky":false,"template":"","format":"standard","meta":{"colormag_page_container_layout":"default_layout","colormag_page_sidebar_layout":"default_layout","footnotes":""},"categories":[9,4],"tags":[],"class_list":["post-7769","post","type-post","status-publish","format-standard","has-post-thumbnail","hentry","category-informations-diverses","category-infos-mairie"],"_links":{"self":[{"href":"https:\/\/jarnac-champagne.fr\/index.php\/wp-json\/wp\/v2\/posts\/7769","targetHints":{"allow":["GET"]}}],"collection":[{"href":"https:\/\/jarnac-champagne.fr\/index.php\/wp-json\/wp\/v2\/posts"}],"about":[{"href":"https:\/\/jarnac-champagne.fr\/index.php\/wp-json\/wp\/v2\/types\/post"}],"author":[{"embeddable":true,"href":"https:\/\/jarnac-champagne.fr\/index.php\/wp-json\/wp\/v2\/users\/1"}],"replies":[{"embeddable":true,"href":"https:\/\/jarnac-champagne.fr\/index.php\/wp-json\/wp\/v2\/comments?post=7769"}],"version-history":[{"count":1,"href":"https:\/\/jarnac-champagne.fr\/index.php\/wp-json\/wp\/v2\/posts\/7769\/revisions"}],"predecessor-version":[{"id":7773,"href":"https:\/\/jarnac-champagne.fr\/index.php\/wp-json\/wp\/v2\/posts\/7769\/revisions\/7773"}],"wp:featuredmedia":[{"embeddable":true,"href":"https:\/\/jarnac-champagne.fr\/index.php\/wp-json\/wp\/v2\/media\/105"}],"wp:attachment":[{"href":"https:\/\/jarnac-champagne.fr\/index.php\/wp-json\/wp\/v2\/media?parent=7769"}],"wp:term":[{"taxonomy":"category","embeddable":true,"href":"https:\/\/jarnac-champagne.fr\/index.php\/wp-json\/wp\/v2\/categories?post=7769"},{"taxonomy":"post_tag","embeddable":true,"href":"https:\/\/jarnac-champagne.fr\/index.php\/wp-json\/wp\/v2\/tags?post=7769"}],"curies":[{"name":"wp","href":"https:\/\/api.w.org\/{rel}","templated":true}]}}