{"id":7784,"date":"2026-01-06T18:16:09","date_gmt":"2026-01-06T17:16:09","guid":{"rendered":"https:\/\/jarnac-champagne.fr\/?p=7784"},"modified":"2026-01-06T18:21:54","modified_gmt":"2026-01-06T17:21:54","slug":"recensement-de-la-population","status":"publish","type":"post","link":"https:\/\/jarnac-champagne.fr\/index.php\/2026\/01\/06\/recensement-de-la-population\/","title":{"rendered":"Recensement de la population"},"content":{"rendered":"\n<p>En 2026, Jarnac-Champagne fait partie des communes concern\u00e9es par le recensement.<\/p>\n\n\n\n<p><strong><mark style=\"background-color:rgba(0, 0, 0, 0);color:#f4ad74\" class=\"has-inline-color\">Le recensement de la population est un acte civique, obligatoire, qui concerne tout le monde et qui profite \u00e0 tous. C\u2019est gr\u00e2ce aux donn\u00e9es collect\u00e9es lors du recensement de la population que les petits et grands projets qui vous concernent peuvent \u00eatre pens\u00e9s et r\u00e9alis\u00e9s. Le recensement permet d\u2019\u00e9tablir la population officielle de chaque commune. Il fournit \u00e9galement des informations sur les caract\u00e9ristiques de la population\u00a0: \u00e2ge, profession, moyens de transport utilis\u00e9s, conditions de logement\u00a0etc.<\/mark><\/strong><\/p>\n\n\n\n<h2 class=\"wp-block-heading has-text-align-center\"><strong><mark style=\"background-color:rgba(0, 0, 0, 0)\" class=\"has-inline-color has-cm-color-2-color\">Il aura lieu du du 15\u00a0janvier au 14\u00a0f\u00e9vrier<\/mark><\/strong><\/h2>\n\n\n\n<h2 class=\"wp-block-heading has-text-align-center\"><strong><mark style=\"background-color:rgba(0, 0, 0, 0);color:#60206b\" class=\"has-inline-color\">Nadia et Rose sont les 2 agents recenseurs, elles sont munies d&rsquo;une carte officielle<\/mark><\/strong><\/h2>\n\n\n\n<figure class=\"wp-block-gallery has-nested-images columns-default is-cropped wp-block-gallery-1 is-layout-flex wp-block-gallery-is-layout-flex\">\n<figure class=\"wp-block-image aligncenter size-large\"><img loading=\"lazy\" decoding=\"async\" width=\"1024\" height=\"744\" data-id=\"7786\" src=\"https:\/\/jarnac-champagne.fr\/wp-content\/uploads\/2026\/01\/IMG_20251217_093742-1024x744.jpg\" alt=\"\" class=\"wp-image-7786\" srcset=\"https:\/\/jarnac-champagne.fr\/wp-content\/uploads\/2026\/01\/IMG_20251217_093742-1024x744.jpg 1024w, https:\/\/jarnac-champagne.fr\/wp-content\/uploads\/2026\/01\/IMG_20251217_093742-300x218.jpg 300w, https:\/\/jarnac-champagne.fr\/wp-content\/uploads\/2026\/01\/IMG_20251217_093742-768x558.jpg 768w, https:\/\/jarnac-champagne.fr\/wp-content\/uploads\/2026\/01\/IMG_20251217_093742-1536x1117.jpg 1536w, https:\/\/jarnac-champagne.fr\/wp-content\/uploads\/2026\/01\/IMG_20251217_093742-2048x1489.jpg 2048w, https:\/\/jarnac-champagne.fr\/wp-content\/uploads\/2026\/01\/IMG_20251217_093742-1320x960.jpg 1320w\" sizes=\"auto, (max-width: 1024px) 100vw, 1024px\" \/><\/figure>\n\n\n\n<figure class=\"wp-block-image size-large\"><img loading=\"lazy\" decoding=\"async\" width=\"1024\" height=\"758\" data-id=\"7787\" src=\"https:\/\/jarnac-champagne.fr\/wp-content\/uploads\/2026\/01\/IMG_20251217_093750-1024x758.jpg\" alt=\"\" class=\"wp-image-7787\" srcset=\"https:\/\/jarnac-champagne.fr\/wp-content\/uploads\/2026\/01\/IMG_20251217_093750-1024x758.jpg 1024w, https:\/\/jarnac-champagne.fr\/wp-content\/uploads\/2026\/01\/IMG_20251217_093750-300x222.jpg 300w, https:\/\/jarnac-champagne.fr\/wp-content\/uploads\/2026\/01\/IMG_20251217_093750-768x568.jpg 768w, https:\/\/jarnac-champagne.fr\/wp-content\/uploads\/2026\/01\/IMG_20251217_093750-1536x1137.jpg 1536w, https:\/\/jarnac-champagne.fr\/wp-content\/uploads\/2026\/01\/IMG_20251217_093750-2048x1516.jpg 2048w, https:\/\/jarnac-champagne.fr\/wp-content\/uploads\/2026\/01\/IMG_20251217_093750-1320x977.jpg 1320w\" sizes=\"auto, (max-width: 1024px) 100vw, 1024px\" \/><\/figure>\n<\/figure>\n\n\n\n<p class=\"has-text-align-center\">Merci de leur r\u00e9server le meilleur accueil<\/p>\n\n\n\n<p class=\"has-text-align-center\">Vous souhaitez tous savoir sur le recensement, c&rsquo;est par ici : <a href=\"https:\/\/www.le-recensement-et-moi.fr\/\">https:\/\/www.le-recensement-et-moi.fr\/<\/a><\/p>\n\n\n\n<figure class=\"wp-block-embed is-type-video is-provider-youtube wp-block-embed-youtube wp-embed-aspect-16-9 wp-has-aspect-ratio\"><div class=\"wp-block-embed__wrapper\">\n<iframe loading=\"lazy\" title=\"R\u00e9pondre en ligne au recensement de la population\" width=\"800\" height=\"450\" src=\"https:\/\/www.youtube.com\/embed\/XEE1TRB07u4?start=6&#038;feature=oembed\" frameborder=\"0\" allow=\"accelerometer; autoplay; clipboard-write; encrypted-media; gyroscope; picture-in-picture; web-share\" referrerpolicy=\"strict-origin-when-cross-origin\" allowfullscreen><\/iframe>\n<\/div><\/figure>\n","protected":false},"excerpt":{"rendered":"<p>En 2026, Jarnac-Champagne fait partie des communes concern\u00e9es par le recensement. Le recensement de la population est un acte civique,<\/p>\n","protected":false},"author":1,"featured_media":105,"comment_status":"open","ping_status":"open","sticky":false,"template":"","format":"standard","meta":{"colormag_page_container_layout":"default_layout","colormag_page_sidebar_layout":"default_layout","footnotes":""},"categories":[9,4],"tags":[],"class_list":["post-7784","post","type-post","status-publish","format-standard","has-post-thumbnail","hentry","category-informations-diverses","category-infos-mairie"],"_links":{"self":[{"href":"https:\/\/jarnac-champagne.fr\/index.php\/wp-json\/wp\/v2\/posts\/7784","targetHints":{"allow":["GET"]}}],"collection":[{"href":"https:\/\/jarnac-champagne.fr\/index.php\/wp-json\/wp\/v2\/posts"}],"about":[{"href":"https:\/\/jarnac-champagne.fr\/index.php\/wp-json\/wp\/v2\/types\/post"}],"author":[{"embeddable":true,"href":"https:\/\/jarnac-champagne.fr\/index.php\/wp-json\/wp\/v2\/users\/1"}],"replies":[{"embeddable":true,"href":"https:\/\/jarnac-champagne.fr\/index.php\/wp-json\/wp\/v2\/comments?post=7784"}],"version-history":[{"count":2,"href":"https:\/\/jarnac-champagne.fr\/index.php\/wp-json\/wp\/v2\/posts\/7784\/revisions"}],"predecessor-version":[{"id":7790,"href":"https:\/\/jarnac-champagne.fr\/index.php\/wp-json\/wp\/v2\/posts\/7784\/revisions\/7790"}],"wp:featuredmedia":[{"embeddable":true,"href":"https:\/\/jarnac-champagne.fr\/index.php\/wp-json\/wp\/v2\/media\/105"}],"wp:attachment":[{"href":"https:\/\/jarnac-champagne.fr\/index.php\/wp-json\/wp\/v2\/media?parent=7784"}],"wp:term":[{"taxonomy":"category","embeddable":true,"href":"https:\/\/jarnac-champagne.fr\/index.php\/wp-json\/wp\/v2\/categories?post=7784"},{"taxonomy":"post_tag","embeddable":true,"href":"https:\/\/jarnac-champagne.fr\/index.php\/wp-json\/wp\/v2\/tags?post=7784"}],"curies":[{"name":"wp","href":"https:\/\/api.w.org\/{rel}","templated":true}]}}