{"id":7803,"date":"2026-01-25T17:06:47","date_gmt":"2026-01-25T16:06:47","guid":{"rendered":"https:\/\/jarnac-champagne.fr\/?p=7803"},"modified":"2026-01-25T17:06:48","modified_gmt":"2026-01-25T16:06:48","slug":"ceremonie-des-voeux","status":"publish","type":"post","link":"https:\/\/jarnac-champagne.fr\/index.php\/2026\/01\/25\/ceremonie-des-voeux\/","title":{"rendered":"C\u00e9r\u00e9monie des voeux"},"content":{"rendered":"\n<p>Samedi 24 janvier en pr\u00e9sence de nombreux Jarnacaises et jarnacais et de nos 2 Conseillers D\u00e9partementaux, Chantal Guimberteau et Christophe Cabri. Une c\u00e9r\u00e9monie d\u00e9localis\u00e9e en raison de l&rsquo;indisponibilit\u00e9 de la salle polyvalente Pierre Babin. L&rsquo;\u00e9cole du Soleil et son pr\u00e9au n&rsquo;ont pas l&rsquo;habitude d&rsquo;avoir de la visite le samedi apr\u00e8s-midi&#8230;<\/p>\n\n\n\n<p><em>Merci \u00e0 toutes et tous pour votre participation et excellente ann\u00e9e dans la douceur, l&rsquo;\u00e9coute, la nuance et le respect&#8230;<\/em><\/p>\n\n\n\n<figure class=\"wp-block-gallery has-nested-images columns-default is-cropped wp-block-gallery-1 is-layout-flex wp-block-gallery-is-layout-flex\">\n<figure class=\"wp-block-image size-large\"><img loading=\"lazy\" decoding=\"async\" width=\"843\" height=\"1024\" data-id=\"7810\" src=\"https:\/\/jarnac-champagne.fr\/wp-content\/uploads\/2026\/01\/1769330034389-843x1024.jpg\" alt=\"\" class=\"wp-image-7810\" srcset=\"https:\/\/jarnac-champagne.fr\/wp-content\/uploads\/2026\/01\/1769330034389-843x1024.jpg 843w, https:\/\/jarnac-champagne.fr\/wp-content\/uploads\/2026\/01\/1769330034389-247x300.jpg 247w, https:\/\/jarnac-champagne.fr\/wp-content\/uploads\/2026\/01\/1769330034389-768x933.jpg 768w, https:\/\/jarnac-champagne.fr\/wp-content\/uploads\/2026\/01\/1769330034389-1264x1536.jpg 1264w, https:\/\/jarnac-champagne.fr\/wp-content\/uploads\/2026\/01\/1769330034389-1685x2048.jpg 1685w, https:\/\/jarnac-champagne.fr\/wp-content\/uploads\/2026\/01\/1769330034389-1320x1604.jpg 1320w\" sizes=\"auto, (max-width: 843px) 100vw, 843px\" \/><\/figure>\n\n\n\n<figure class=\"wp-block-image size-large\"><img loading=\"lazy\" decoding=\"async\" width=\"692\" height=\"1024\" data-id=\"7806\" src=\"https:\/\/jarnac-champagne.fr\/wp-content\/uploads\/2026\/01\/Voeux_2026-5-692x1024.jpg\" alt=\"\" class=\"wp-image-7806\" srcset=\"https:\/\/jarnac-champagne.fr\/wp-content\/uploads\/2026\/01\/Voeux_2026-5-692x1024.jpg 692w, https:\/\/jarnac-champagne.fr\/wp-content\/uploads\/2026\/01\/Voeux_2026-5-203x300.jpg 203w, https:\/\/jarnac-champagne.fr\/wp-content\/uploads\/2026\/01\/Voeux_2026-5-768x1136.jpg 768w, https:\/\/jarnac-champagne.fr\/wp-content\/uploads\/2026\/01\/Voeux_2026-5-1038x1536.jpg 1038w, https:\/\/jarnac-champagne.fr\/wp-content\/uploads\/2026\/01\/Voeux_2026-5-1384x2048.jpg 1384w, https:\/\/jarnac-champagne.fr\/wp-content\/uploads\/2026\/01\/Voeux_2026-5-1320x1953.jpg 1320w, https:\/\/jarnac-champagne.fr\/wp-content\/uploads\/2026\/01\/Voeux_2026-5-scaled.jpg 1730w\" sizes=\"auto, (max-width: 692px) 100vw, 692px\" \/><\/figure>\n\n\n\n<figure class=\"wp-block-image size-large\"><img loading=\"lazy\" decoding=\"async\" width=\"607\" height=\"1024\" data-id=\"7805\" src=\"https:\/\/jarnac-champagne.fr\/wp-content\/uploads\/2026\/01\/Voeux_2026-1-607x1024.jpg\" alt=\"\" class=\"wp-image-7805\" srcset=\"https:\/\/jarnac-champagne.fr\/wp-content\/uploads\/2026\/01\/Voeux_2026-1-607x1024.jpg 607w, https:\/\/jarnac-champagne.fr\/wp-content\/uploads\/2026\/01\/Voeux_2026-1-178x300.jpg 178w, https:\/\/jarnac-champagne.fr\/wp-content\/uploads\/2026\/01\/Voeux_2026-1-768x1296.jpg 768w, https:\/\/jarnac-champagne.fr\/wp-content\/uploads\/2026\/01\/Voeux_2026-1-911x1536.jpg 911w, https:\/\/jarnac-champagne.fr\/wp-content\/uploads\/2026\/01\/Voeux_2026-1-1214x2048.jpg 1214w, https:\/\/jarnac-champagne.fr\/wp-content\/uploads\/2026\/01\/Voeux_2026-1-1320x2227.jpg 1320w, https:\/\/jarnac-champagne.fr\/wp-content\/uploads\/2026\/01\/Voeux_2026-1-scaled.jpg 1518w\" sizes=\"auto, (max-width: 607px) 100vw, 607px\" \/><\/figure>\n\n\n\n<figure class=\"wp-block-image size-large\"><img loading=\"lazy\" decoding=\"async\" width=\"1024\" height=\"598\" data-id=\"7808\" src=\"https:\/\/jarnac-champagne.fr\/wp-content\/uploads\/2026\/01\/Voeux_2026-2-1024x598.jpg\" alt=\"\" class=\"wp-image-7808\" srcset=\"https:\/\/jarnac-champagne.fr\/wp-content\/uploads\/2026\/01\/Voeux_2026-2-1024x598.jpg 1024w, https:\/\/jarnac-champagne.fr\/wp-content\/uploads\/2026\/01\/Voeux_2026-2-300x175.jpg 300w, https:\/\/jarnac-champagne.fr\/wp-content\/uploads\/2026\/01\/Voeux_2026-2-768x448.jpg 768w, https:\/\/jarnac-champagne.fr\/wp-content\/uploads\/2026\/01\/Voeux_2026-2-1536x896.jpg 1536w, https:\/\/jarnac-champagne.fr\/wp-content\/uploads\/2026\/01\/Voeux_2026-2-2048x1195.jpg 2048w, https:\/\/jarnac-champagne.fr\/wp-content\/uploads\/2026\/01\/Voeux_2026-2-1320x770.jpg 1320w\" sizes=\"auto, (max-width: 1024px) 100vw, 1024px\" \/><\/figure>\n\n\n\n<figure class=\"wp-block-image size-large\"><img loading=\"lazy\" decoding=\"async\" width=\"1024\" height=\"578\" data-id=\"7804\" src=\"https:\/\/jarnac-champagne.fr\/wp-content\/uploads\/2026\/01\/Voeux_2026-3-1024x578.jpg\" alt=\"\" class=\"wp-image-7804\" srcset=\"https:\/\/jarnac-champagne.fr\/wp-content\/uploads\/2026\/01\/Voeux_2026-3-1024x578.jpg 1024w, https:\/\/jarnac-champagne.fr\/wp-content\/uploads\/2026\/01\/Voeux_2026-3-300x169.jpg 300w, https:\/\/jarnac-champagne.fr\/wp-content\/uploads\/2026\/01\/Voeux_2026-3-768x434.jpg 768w, https:\/\/jarnac-champagne.fr\/wp-content\/uploads\/2026\/01\/Voeux_2026-3-1536x867.jpg 1536w, https:\/\/jarnac-champagne.fr\/wp-content\/uploads\/2026\/01\/Voeux_2026-3-2048x1156.jpg 2048w, https:\/\/jarnac-champagne.fr\/wp-content\/uploads\/2026\/01\/Voeux_2026-3-1320x745.jpg 1320w\" sizes=\"auto, (max-width: 1024px) 100vw, 1024px\" \/><\/figure>\n\n\n\n<figure class=\"wp-block-image size-large\"><img loading=\"lazy\" decoding=\"async\" width=\"799\" height=\"1024\" data-id=\"7807\" src=\"https:\/\/jarnac-champagne.fr\/wp-content\/uploads\/2026\/01\/Voeux_2026-4-799x1024.jpg\" alt=\"\" class=\"wp-image-7807\" srcset=\"https:\/\/jarnac-champagne.fr\/wp-content\/uploads\/2026\/01\/Voeux_2026-4-799x1024.jpg 799w, https:\/\/jarnac-champagne.fr\/wp-content\/uploads\/2026\/01\/Voeux_2026-4-234x300.jpg 234w, https:\/\/jarnac-champagne.fr\/wp-content\/uploads\/2026\/01\/Voeux_2026-4-768x985.jpg 768w, https:\/\/jarnac-champagne.fr\/wp-content\/uploads\/2026\/01\/Voeux_2026-4-1198x1536.jpg 1198w, https:\/\/jarnac-champagne.fr\/wp-content\/uploads\/2026\/01\/Voeux_2026-4-1597x2048.jpg 1597w, https:\/\/jarnac-champagne.fr\/wp-content\/uploads\/2026\/01\/Voeux_2026-4-1320x1693.jpg 1320w, https:\/\/jarnac-champagne.fr\/wp-content\/uploads\/2026\/01\/Voeux_2026-4-scaled.jpg 1996w\" sizes=\"auto, (max-width: 799px) 100vw, 799px\" \/><\/figure>\n<\/figure>\n","protected":false},"excerpt":{"rendered":"<p>Samedi 24 janvier en pr\u00e9sence de nombreux Jarnacaises et jarnacais et de nos 2 Conseillers D\u00e9partementaux, Chantal Guimberteau et Christophe<\/p>\n","protected":false},"author":1,"featured_media":7811,"comment_status":"open","ping_status":"open","sticky":false,"template":"","format":"standard","meta":{"colormag_page_container_layout":"default_layout","colormag_page_sidebar_layout":"default_layout","footnotes":""},"categories":[4],"tags":[],"class_list":["post-7803","post","type-post","status-publish","format-standard","has-post-thumbnail","hentry","category-infos-mairie"],"_links":{"self":[{"href":"https:\/\/jarnac-champagne.fr\/index.php\/wp-json\/wp\/v2\/posts\/7803","targetHints":{"allow":["GET"]}}],"collection":[{"href":"https:\/\/jarnac-champagne.fr\/index.php\/wp-json\/wp\/v2\/posts"}],"about":[{"href":"https:\/\/jarnac-champagne.fr\/index.php\/wp-json\/wp\/v2\/types\/post"}],"author":[{"embeddable":true,"href":"https:\/\/jarnac-champagne.fr\/index.php\/wp-json\/wp\/v2\/users\/1"}],"replies":[{"embeddable":true,"href":"https:\/\/jarnac-champagne.fr\/index.php\/wp-json\/wp\/v2\/comments?post=7803"}],"version-history":[{"count":2,"href":"https:\/\/jarnac-champagne.fr\/index.php\/wp-json\/wp\/v2\/posts\/7803\/revisions"}],"predecessor-version":[{"id":7813,"href":"https:\/\/jarnac-champagne.fr\/index.php\/wp-json\/wp\/v2\/posts\/7803\/revisions\/7813"}],"wp:featuredmedia":[{"embeddable":true,"href":"https:\/\/jarnac-champagne.fr\/index.php\/wp-json\/wp\/v2\/media\/7811"}],"wp:attachment":[{"href":"https:\/\/jarnac-champagne.fr\/index.php\/wp-json\/wp\/v2\/media?parent=7803"}],"wp:term":[{"taxonomy":"category","embeddable":true,"href":"https:\/\/jarnac-champagne.fr\/index.php\/wp-json\/wp\/v2\/categories?post=7803"},{"taxonomy":"post_tag","embeddable":true,"href":"https:\/\/jarnac-champagne.fr\/index.php\/wp-json\/wp\/v2\/tags?post=7803"}],"curies":[{"name":"wp","href":"https:\/\/api.w.org\/{rel}","templated":true}]}}