{"id":7863,"date":"2026-03-29T08:40:40","date_gmt":"2026-03-29T06:40:40","guid":{"rendered":"https:\/\/jarnac-champagne.fr\/?p=7863"},"modified":"2026-03-29T08:40:41","modified_gmt":"2026-03-29T06:40:41","slug":"retour-sur-le-premier-conseil-municipal","status":"publish","type":"post","link":"https:\/\/jarnac-champagne.fr\/index.php\/2026\/03\/29\/retour-sur-le-premier-conseil-municipal\/","title":{"rendered":"Retour sur le premier Conseil Municipal"},"content":{"rendered":"\n<p>\ud83d\uddf3\ufe0f&nbsp;<strong><mark style=\"background-color:rgba(0, 0, 0, 0);color:#ee8b11\" class=\"has-inline-color\">Christelle&nbsp;Neau&nbsp;<\/mark><\/strong>a&nbsp;\u00e9t\u00e9&nbsp;\u00e9lue&nbsp;Maire&nbsp;\u00e0&nbsp;l\u2019unanimit\u00e9,&nbsp;marquant&nbsp;ainsi&nbsp;le&nbsp;d\u00e9but&nbsp;de&nbsp;ce&nbsp;second&nbsp;mandat&nbsp;plac\u00e9&nbsp;sous&nbsp;le&nbsp;signe&nbsp;de&nbsp;l\u2019engagement&nbsp;au&nbsp;service&nbsp;de&nbsp;la&nbsp;commune.<\/p>\n\n\n\n<p>\ud83e\udd1d&nbsp;\u00c0&nbsp;ses&nbsp;c\u00f4t\u00e9s,&nbsp;ses&nbsp;3&nbsp;adjoints&nbsp;:<strong><mark style=\"background-color:rgba(0, 0, 0, 0);color:#3b5089\" class=\"has-inline-color\">&nbsp;Annie&nbsp;Guex&nbsp;Deberque,&nbsp;Dominique&nbsp;Renoulleau&nbsp;et&nbsp;Sophie&nbsp;Da&nbsp;Silva&nbsp;Correia<\/mark><\/strong>,&nbsp;<\/p>\n\n\n\n<p>qui&nbsp;l\u2019accompagneront&nbsp;dans&nbsp;la&nbsp;mise&nbsp;en&nbsp;\u0153uvre&nbsp;des&nbsp;projets&nbsp;municipaux.<\/p>\n\n\n\n<p>\ud83d\udc65\ufe0f&nbsp;Merci&nbsp;au&nbsp;public&nbsp;pr\u00e9sent&nbsp;lors&nbsp;de&nbsp;cette&nbsp;installation&nbsp;du&nbsp;nouveau&nbsp;Conseil&nbsp;Municipal.<\/p>\n\n\n\n<p>Au\u00a0travail\u00a0pour\u00a0notre\u00a0commune\u00a0!<\/p>\n\n\n\n<figure class=\"wp-block-image aligncenter size-large\"><img loading=\"lazy\" decoding=\"async\" width=\"665\" height=\"1024\" src=\"https:\/\/jarnac-champagne.fr\/wp-content\/uploads\/2026\/03\/IMG-20260322-WA0000-665x1024.jpg\" alt=\"\" class=\"wp-image-7853\" srcset=\"https:\/\/jarnac-champagne.fr\/wp-content\/uploads\/2026\/03\/IMG-20260322-WA0000-665x1024.jpg 665w, https:\/\/jarnac-champagne.fr\/wp-content\/uploads\/2026\/03\/IMG-20260322-WA0000-195x300.jpg 195w, https:\/\/jarnac-champagne.fr\/wp-content\/uploads\/2026\/03\/IMG-20260322-WA0000-768x1183.jpg 768w, https:\/\/jarnac-champagne.fr\/wp-content\/uploads\/2026\/03\/IMG-20260322-WA0000.jpg 837w\" sizes=\"auto, (max-width: 665px) 100vw, 665px\" \/><\/figure>\n","protected":false},"excerpt":{"rendered":"<p>\ud83d\uddf3\ufe0f&nbsp;Christelle&nbsp;Neau&nbsp;a&nbsp;\u00e9t\u00e9&nbsp;\u00e9lue&nbsp;Maire&nbsp;\u00e0&nbsp;l\u2019unanimit\u00e9,&nbsp;marquant&nbsp;ainsi&nbsp;le&nbsp;d\u00e9but&nbsp;de&nbsp;ce&nbsp;second&nbsp;mandat&nbsp;plac\u00e9&nbsp;sous&nbsp;le&nbsp;signe&nbsp;de&nbsp;l\u2019engagement&nbsp;au&nbsp;service&nbsp;de&nbsp;la&nbsp;commune. \ud83e\udd1d&nbsp;\u00c0&nbsp;ses&nbsp;c\u00f4t\u00e9s,&nbsp;ses&nbsp;3&nbsp;adjoints&nbsp;:&nbsp;Annie&nbsp;Guex&nbsp;Deberque,&nbsp;Dominique&nbsp;Renoulleau&nbsp;et&nbsp;Sophie&nbsp;Da&nbsp;Silva&nbsp;Correia,&nbsp; qui&nbsp;l\u2019accompagneront&nbsp;dans&nbsp;la&nbsp;mise&nbsp;en&nbsp;\u0153uvre&nbsp;des&nbsp;projets&nbsp;municipaux. \ud83d\udc65\ufe0f&nbsp;Merci&nbsp;au&nbsp;public&nbsp;pr\u00e9sent&nbsp;lors&nbsp;de&nbsp;cette&nbsp;installation&nbsp;du&nbsp;nouveau&nbsp;Conseil&nbsp;Municipal. Au\u00a0travail\u00a0pour\u00a0notre\u00a0commune\u00a0!<\/p>\n","protected":false},"author":1,"featured_media":105,"comment_status":"open","ping_status":"open","sticky":false,"template":"","format":"standard","meta":{"colormag_page_container_layout":"default_layout","colormag_page_sidebar_layout":"default_layout","footnotes":""},"categories":[4],"tags":[],"class_list":["post-7863","post","type-post","status-publish","format-standard","has-post-thumbnail","hentry","category-infos-mairie"],"_links":{"self":[{"href":"https:\/\/jarnac-champagne.fr\/index.php\/wp-json\/wp\/v2\/posts\/7863","targetHints":{"allow":["GET"]}}],"collection":[{"href":"https:\/\/jarnac-champagne.fr\/index.php\/wp-json\/wp\/v2\/posts"}],"about":[{"href":"https:\/\/jarnac-champagne.fr\/index.php\/wp-json\/wp\/v2\/types\/post"}],"author":[{"embeddable":true,"href":"https:\/\/jarnac-champagne.fr\/index.php\/wp-json\/wp\/v2\/users\/1"}],"replies":[{"embeddable":true,"href":"https:\/\/jarnac-champagne.fr\/index.php\/wp-json\/wp\/v2\/comments?post=7863"}],"version-history":[{"count":1,"href":"https:\/\/jarnac-champagne.fr\/index.php\/wp-json\/wp\/v2\/posts\/7863\/revisions"}],"predecessor-version":[{"id":7864,"href":"https:\/\/jarnac-champagne.fr\/index.php\/wp-json\/wp\/v2\/posts\/7863\/revisions\/7864"}],"wp:featuredmedia":[{"embeddable":true,"href":"https:\/\/jarnac-champagne.fr\/index.php\/wp-json\/wp\/v2\/media\/105"}],"wp:attachment":[{"href":"https:\/\/jarnac-champagne.fr\/index.php\/wp-json\/wp\/v2\/media?parent=7863"}],"wp:term":[{"taxonomy":"category","embeddable":true,"href":"https:\/\/jarnac-champagne.fr\/index.php\/wp-json\/wp\/v2\/categories?post=7863"},{"taxonomy":"post_tag","embeddable":true,"href":"https:\/\/jarnac-champagne.fr\/index.php\/wp-json\/wp\/v2\/tags?post=7863"}],"curies":[{"name":"wp","href":"https:\/\/api.w.org\/{rel}","templated":true}]}}