{"id":7867,"date":"2026-03-29T08:54:37","date_gmt":"2026-03-29T06:54:37","guid":{"rendered":"https:\/\/jarnac-champagne.fr\/?p=7867"},"modified":"2026-03-29T08:56:44","modified_gmt":"2026-03-29T06:56:44","slug":"7867","status":"publish","type":"post","link":"https:\/\/jarnac-champagne.fr\/index.php\/2026\/03\/29\/7867\/","title":{"rendered":"Journ\u00e9e Portes Ouvertes \u00e0 Jarnac-Champagne"},"content":{"rendered":"\n<p>L&rsquo;ADMR&nbsp;vous&nbsp;invite&nbsp;\u00e0&nbsp;venir&nbsp;visiter&nbsp;l&rsquo;Habitat&nbsp;partag\u00e9&nbsp;lors&nbsp;d\u2019une&nbsp;journ\u00e9e&nbsp;portes&nbsp;ouvertes&nbsp;:<\/p>\n\n\n\n<h2 class=\"wp-block-heading\">\ud83d\udcc5<strong>&nbsp;Jeudi&nbsp;2&nbsp;avril&nbsp;2026<\/strong><\/h2>\n\n\n\n<h2 class=\"wp-block-heading\">\ud83d\udd66<strong>&nbsp;\u00c0&nbsp;11h30<\/strong><\/h2>\n\n\n\n<p>Au&nbsp;programme&nbsp;:<\/p>\n\n\n\n<p>\u2728&nbsp;Visite&nbsp;des&nbsp;lieux<\/p>\n\n\n\n<p>\ud83d\udcd1&nbsp;Tarifs,&nbsp;modalit\u00e9s&nbsp;d&rsquo;inscriptions<\/p>\n\n\n\n<p>\ud83e\udd42&nbsp;Cocktail&nbsp;convivial&nbsp;pour&nbsp;\u00e9changer&nbsp;ensemble<\/p>\n\n\n\n<p>Ce&nbsp;temps&nbsp;de&nbsp;visite&nbsp;s\u2019adresse&nbsp;aux&nbsp;personnes&nbsp;concern\u00e9es&nbsp;et&nbsp;\u00e0&nbsp;leurs&nbsp;proches,&nbsp;afin&nbsp;de&nbsp;d\u00e9couvrir&nbsp;ce&nbsp;mode&nbsp;de&nbsp;vie&nbsp;bas\u00e9&nbsp;sur&nbsp;le&nbsp;partage,&nbsp;la&nbsp;convivialit\u00e9&nbsp;et&nbsp;l\u2019accompagnement&nbsp;au&nbsp;quotidien.<\/p>\n\n\n\n<p>\u26a0\ufe0f<strong><mark style=\"background-color:rgba(0, 0, 0, 0);color:#ffffff\" class=\"has-inline-color\">I<\/mark><mark style=\"background-color:rgba(0, 0, 0, 0);color:#c8a765\" class=\"has-inline-color\">Il n<\/mark><mark style=\"background-color:rgba(0, 0, 0, 0);color:#c8a765\" class=\"has-inline-color\">e&nbsp;s\u2019agit&nbsp;pas&nbsp;de&nbsp;logements&nbsp;sociaux,&nbsp;mais&nbsp;d\u2019une&nbsp;solution&nbsp;d\u2019habitat&nbsp;adapt\u00e9e&nbsp;\u00e0&nbsp;des&nbsp;besoins&nbsp;sp\u00e9cifiques.<\/mark><\/strong><\/p>\n\n\n\n<p>Ce&nbsp;sera&nbsp;l&rsquo;occasion&nbsp;id\u00e9ale&nbsp;de&nbsp;poser&nbsp;toutes&nbsp;vos&nbsp;questions.<\/p>\n\n\n\n<figure class=\"wp-block-image aligncenter size-large\"><img loading=\"lazy\" decoding=\"async\" width=\"724\" height=\"1024\" src=\"https:\/\/jarnac-champagne.fr\/wp-content\/uploads\/2026\/03\/6f78b3c789e4184f2dc9e9254e6a3813-724x1024.png\" alt=\"\" class=\"wp-image-7850\" srcset=\"https:\/\/jarnac-champagne.fr\/wp-content\/uploads\/2026\/03\/6f78b3c789e4184f2dc9e9254e6a3813-724x1024.png 724w, https:\/\/jarnac-champagne.fr\/wp-content\/uploads\/2026\/03\/6f78b3c789e4184f2dc9e9254e6a3813-212x300.png 212w, https:\/\/jarnac-champagne.fr\/wp-content\/uploads\/2026\/03\/6f78b3c789e4184f2dc9e9254e6a3813-768x1086.png 768w, https:\/\/jarnac-champagne.fr\/wp-content\/uploads\/2026\/03\/6f78b3c789e4184f2dc9e9254e6a3813.png 900w\" sizes=\"auto, (max-width: 724px) 100vw, 724px\" \/><\/figure>\n","protected":false},"excerpt":{"rendered":"<p>L&rsquo;ADMR&nbsp;vous&nbsp;invite&nbsp;\u00e0&nbsp;venir&nbsp;visiter&nbsp;l&rsquo;Habitat&nbsp;partag\u00e9&nbsp;lors&nbsp;d\u2019une&nbsp;journ\u00e9e&nbsp;portes&nbsp;ouvertes&nbsp;: \ud83d\udcc5&nbsp;Jeudi&nbsp;2&nbsp;avril&nbsp;2026 \ud83d\udd66&nbsp;\u00c0&nbsp;11h30 Au&nbsp;programme&nbsp;: \u2728&nbsp;Visite&nbsp;des&nbsp;lieux \ud83d\udcd1&nbsp;Tarifs,&nbsp;modalit\u00e9s&nbsp;d&rsquo;inscriptions \ud83e\udd42&nbsp;Cocktail&nbsp;convivial&nbsp;pour&nbsp;\u00e9changer&nbsp;ensemble Ce&nbsp;temps&nbsp;de&nbsp;visite&nbsp;s\u2019adresse&nbsp;aux&nbsp;personnes&nbsp;concern\u00e9es&nbsp;et&nbsp;\u00e0&nbsp;leurs&nbsp;proches,&nbsp;afin&nbsp;de&nbsp;d\u00e9couvrir&nbsp;ce&nbsp;mode&nbsp;de&nbsp;vie&nbsp;bas\u00e9&nbsp;sur&nbsp;le&nbsp;partage,&nbsp;la&nbsp;convivialit\u00e9&nbsp;et&nbsp;l\u2019accompagnement&nbsp;au&nbsp;quotidien. \u26a0\ufe0fIIl ne&nbsp;s\u2019agit&nbsp;pas&nbsp;de&nbsp;logements&nbsp;sociaux,&nbsp;mais&nbsp;d\u2019une&nbsp;solution&nbsp;d\u2019habitat&nbsp;adapt\u00e9e&nbsp;\u00e0&nbsp;des&nbsp;besoins&nbsp;sp\u00e9cifiques. Ce&nbsp;sera&nbsp;l&rsquo;occasion&nbsp;id\u00e9ale&nbsp;de&nbsp;poser&nbsp;toutes&nbsp;vos&nbsp;questions.<\/p>\n","protected":false},"author":1,"featured_media":365,"comment_status":"open","ping_status":"open","sticky":false,"template":"","format":"standard","meta":{"colormag_page_container_layout":"default_layout","colormag_page_sidebar_layout":"default_layout","footnotes":""},"categories":[9,4],"tags":[],"class_list":["post-7867","post","type-post","status-publish","format-standard","has-post-thumbnail","hentry","category-informations-diverses","category-infos-mairie"],"_links":{"self":[{"href":"https:\/\/jarnac-champagne.fr\/index.php\/wp-json\/wp\/v2\/posts\/7867","targetHints":{"allow":["GET"]}}],"collection":[{"href":"https:\/\/jarnac-champagne.fr\/index.php\/wp-json\/wp\/v2\/posts"}],"about":[{"href":"https:\/\/jarnac-champagne.fr\/index.php\/wp-json\/wp\/v2\/types\/post"}],"author":[{"embeddable":true,"href":"https:\/\/jarnac-champagne.fr\/index.php\/wp-json\/wp\/v2\/users\/1"}],"replies":[{"embeddable":true,"href":"https:\/\/jarnac-champagne.fr\/index.php\/wp-json\/wp\/v2\/comments?post=7867"}],"version-history":[{"count":2,"href":"https:\/\/jarnac-champagne.fr\/index.php\/wp-json\/wp\/v2\/posts\/7867\/revisions"}],"predecessor-version":[{"id":7869,"href":"https:\/\/jarnac-champagne.fr\/index.php\/wp-json\/wp\/v2\/posts\/7867\/revisions\/7869"}],"wp:featuredmedia":[{"embeddable":true,"href":"https:\/\/jarnac-champagne.fr\/index.php\/wp-json\/wp\/v2\/media\/365"}],"wp:attachment":[{"href":"https:\/\/jarnac-champagne.fr\/index.php\/wp-json\/wp\/v2\/media?parent=7867"}],"wp:term":[{"taxonomy":"category","embeddable":true,"href":"https:\/\/jarnac-champagne.fr\/index.php\/wp-json\/wp\/v2\/categories?post=7867"},{"taxonomy":"post_tag","embeddable":true,"href":"https:\/\/jarnac-champagne.fr\/index.php\/wp-json\/wp\/v2\/tags?post=7867"}],"curies":[{"name":"wp","href":"https:\/\/api.w.org\/{rel}","templated":true}]}}