{"id":792,"date":"2020-08-25T18:02:39","date_gmt":"2020-08-25T16:02:39","guid":{"rendered":"https:\/\/jarnac-champagne.fr\/\/\/?p=792"},"modified":"2020-08-25T18:02:40","modified_gmt":"2020-08-25T16:02:40","slug":"menus-du-mardi-01-septembre-au-vendredi-16-octobre","status":"publish","type":"post","link":"https:\/\/jarnac-champagne.fr\/index.php\/2020\/08\/25\/menus-du-mardi-01-septembre-au-vendredi-16-octobre\/","title":{"rendered":"Menus du mardi 01 septembre au vendredi 16 octobre"},"content":{"rendered":"\n<p>Le chef Yoan a pr\u00e9par\u00e9 de nouveaux menus pour cette nouvelle ann\u00e9e scolaire.<\/p>\n\n\n\n<p>L&rsquo;ensemble de l&rsquo;\u00e9quipe restauration et entretien des locaux en profite pour souhaiter \u00e0 tous les \u00e9l\u00e8ves une bonne rentr\u00e9e et une tr\u00e8s bonne ann\u00e9e scolaire. Ils sont pr\u00eats \u00e0 accueillir vos enfants dans les meilleures conditions.<\/p>\n\n\n<a href=\"https:\/\/jarnac-champagne.fr\/\/\/wp-content\/uploads\/2020\/08\/Menus_du01SEPTEMBREI_au_16OCTOBRE.pdf\" class=\"pdfemb-viewer\" style=\"\" data-width=\"max\" data-height=\"max\" data-toolbar=\"bottom\" data-toolbar-fixed=\"off\">Menus_du01SEPTEMBREI_au_16OCTOBRE<\/a>\n<p class=\"wp-block-pdfemb-pdf-embedder-viewer\"><\/p>\n","protected":false},"excerpt":{"rendered":"<p>Le chef Yoan a pr\u00e9par\u00e9 de nouveaux menus pour cette nouvelle ann\u00e9e scolaire. L&rsquo;ensemble de l&rsquo;\u00e9quipe restauration et entretien des<\/p>\n","protected":false},"author":1,"featured_media":103,"comment_status":"open","ping_status":"open","sticky":false,"template":"","format":"standard","meta":{"colormag_page_container_layout":"default_layout","colormag_page_sidebar_layout":"default_layout","footnotes":""},"categories":[5],"tags":[],"class_list":["post-792","post","type-post","status-publish","format-standard","has-post-thumbnail","hentry","category-infos-ecole"],"_links":{"self":[{"href":"https:\/\/jarnac-champagne.fr\/index.php\/wp-json\/wp\/v2\/posts\/792","targetHints":{"allow":["GET"]}}],"collection":[{"href":"https:\/\/jarnac-champagne.fr\/index.php\/wp-json\/wp\/v2\/posts"}],"about":[{"href":"https:\/\/jarnac-champagne.fr\/index.php\/wp-json\/wp\/v2\/types\/post"}],"author":[{"embeddable":true,"href":"https:\/\/jarnac-champagne.fr\/index.php\/wp-json\/wp\/v2\/users\/1"}],"replies":[{"embeddable":true,"href":"https:\/\/jarnac-champagne.fr\/index.php\/wp-json\/wp\/v2\/comments?post=792"}],"version-history":[{"count":1,"href":"https:\/\/jarnac-champagne.fr\/index.php\/wp-json\/wp\/v2\/posts\/792\/revisions"}],"predecessor-version":[{"id":794,"href":"https:\/\/jarnac-champagne.fr\/index.php\/wp-json\/wp\/v2\/posts\/792\/revisions\/794"}],"wp:featuredmedia":[{"embeddable":true,"href":"https:\/\/jarnac-champagne.fr\/index.php\/wp-json\/wp\/v2\/media\/103"}],"wp:attachment":[{"href":"https:\/\/jarnac-champagne.fr\/index.php\/wp-json\/wp\/v2\/media?parent=792"}],"wp:term":[{"taxonomy":"category","embeddable":true,"href":"https:\/\/jarnac-champagne.fr\/index.php\/wp-json\/wp\/v2\/categories?post=792"},{"taxonomy":"post_tag","embeddable":true,"href":"https:\/\/jarnac-champagne.fr\/index.php\/wp-json\/wp\/v2\/tags?post=792"}],"curies":[{"name":"wp","href":"https:\/\/api.w.org\/{rel}","templated":true}]}}