{"id":826,"date":"2020-09-12T17:24:45","date_gmt":"2020-09-12T15:24:45","guid":{"rendered":"https:\/\/jarnac-champagne.fr\/\/\/?p=826"},"modified":"2020-09-12T17:25:44","modified_gmt":"2020-09-12T15:25:44","slug":"studio-a-louer","status":"publish","type":"post","link":"https:\/\/jarnac-champagne.fr\/index.php\/2020\/09\/12\/studio-a-louer\/","title":{"rendered":"Studio \u00e0 louer"},"content":{"rendered":"\n<p>La commune de Jarnac-Champagne loue un studio de 23 m\u00b2, situ\u00e9 Impasse des g\u00eetes , en rez-de-chauss\u00e9e.<\/p>\n\n\n\n<p>Tr\u00e8s propre, il se compose d&rsquo;1 pi\u00e8ce de vie avec coin cuisine et d&rsquo;1 salle de bain avec cabine de douche, lavabo et wc. <\/p>\n\n\n\n<p>A l&rsquo;ext\u00e9rieur, il dispose d&rsquo;un local de rangement.<\/p>\n\n\n\n<p><em><strong><span class=\"has-inline-color has-luminous-vivid-amber-color\">Loyer mensuel&nbsp;: 190\u20ac<\/span><\/strong><\/em><\/p>\n\n\n\n<p><em><strong><span class=\"has-inline-color has-vivid-purple-color\">Pour tout renseignement et \u00e9ventuelle visite, contacter la Mairie ( 05 46 49 50 71 ) ou l&rsquo;adjointe en charge des logements communaux ( T\u00e9l : 06 71 57 83 59 \/ @ <a href=\"mailto:ndugue.mairie.jarnac@gmail.com\">ndugue.mairie.jarnac@gmail.com<\/a>)<\/span><\/strong><\/em><\/p>\n\n\n\n<div class=\"wp-block-image is-style-default\"><figure class=\"aligncenter size-large is-resized\"><img loading=\"lazy\" decoding=\"async\" src=\"https:\/\/jarnac-champagne.fr\/\/\/wp-content\/uploads\/2020\/09\/Location_Studio-768x1024.jpg\" alt=\"\" class=\"wp-image-827\" width=\"576\" height=\"768\" srcset=\"https:\/\/jarnac-champagne.fr\/wp-content\/uploads\/2020\/09\/Location_Studio-768x1024.jpg 768w, https:\/\/jarnac-champagne.fr\/wp-content\/uploads\/2020\/09\/Location_Studio-225x300.jpg 225w, https:\/\/jarnac-champagne.fr\/wp-content\/uploads\/2020\/09\/Location_Studio-1152x1536.jpg 1152w, https:\/\/jarnac-champagne.fr\/wp-content\/uploads\/2020\/09\/Location_Studio-rotated.jpg 1224w\" sizes=\"auto, (max-width: 576px) 100vw, 576px\" \/><\/figure><\/div>\n","protected":false},"excerpt":{"rendered":"<p>La commune de Jarnac-Champagne loue un studio de 23 m\u00b2, situ\u00e9 Impasse des g\u00eetes , en rez-de-chauss\u00e9e. Tr\u00e8s propre, il<\/p>\n","protected":false},"author":1,"featured_media":105,"comment_status":"open","ping_status":"open","sticky":false,"template":"","format":"standard","meta":{"colormag_page_container_layout":"default_layout","colormag_page_sidebar_layout":"default_layout","footnotes":""},"categories":[4],"tags":[],"class_list":["post-826","post","type-post","status-publish","format-standard","has-post-thumbnail","hentry","category-infos-mairie"],"_links":{"self":[{"href":"https:\/\/jarnac-champagne.fr\/index.php\/wp-json\/wp\/v2\/posts\/826","targetHints":{"allow":["GET"]}}],"collection":[{"href":"https:\/\/jarnac-champagne.fr\/index.php\/wp-json\/wp\/v2\/posts"}],"about":[{"href":"https:\/\/jarnac-champagne.fr\/index.php\/wp-json\/wp\/v2\/types\/post"}],"author":[{"embeddable":true,"href":"https:\/\/jarnac-champagne.fr\/index.php\/wp-json\/wp\/v2\/users\/1"}],"replies":[{"embeddable":true,"href":"https:\/\/jarnac-champagne.fr\/index.php\/wp-json\/wp\/v2\/comments?post=826"}],"version-history":[{"count":2,"href":"https:\/\/jarnac-champagne.fr\/index.php\/wp-json\/wp\/v2\/posts\/826\/revisions"}],"predecessor-version":[{"id":830,"href":"https:\/\/jarnac-champagne.fr\/index.php\/wp-json\/wp\/v2\/posts\/826\/revisions\/830"}],"wp:featuredmedia":[{"embeddable":true,"href":"https:\/\/jarnac-champagne.fr\/index.php\/wp-json\/wp\/v2\/media\/105"}],"wp:attachment":[{"href":"https:\/\/jarnac-champagne.fr\/index.php\/wp-json\/wp\/v2\/media?parent=826"}],"wp:term":[{"taxonomy":"category","embeddable":true,"href":"https:\/\/jarnac-champagne.fr\/index.php\/wp-json\/wp\/v2\/categories?post=826"},{"taxonomy":"post_tag","embeddable":true,"href":"https:\/\/jarnac-champagne.fr\/index.php\/wp-json\/wp\/v2\/tags?post=826"}],"curies":[{"name":"wp","href":"https:\/\/api.w.org\/{rel}","templated":true}]}}