{"id":894,"date":"2020-10-05T13:49:28","date_gmt":"2020-10-05T11:49:28","guid":{"rendered":"https:\/\/jarnac-champagne.fr\/\/\/?p=894"},"modified":"2021-05-01T19:26:40","modified_gmt":"2021-05-01T17:26:40","slug":"arrivee-de-la-fibre","status":"publish","type":"post","link":"https:\/\/jarnac-champagne.fr\/index.php\/2020\/10\/05\/arrivee-de-la-fibre\/","title":{"rendered":"Arriv\u00e9e de la fibre"},"content":{"rendered":"\n<p>Le site <strong><span class=\"has-inline-color has-vivid-green-cyan-color\">Charente-Maritime Tr\u00e8s haut d\u00e9bit<\/span><\/strong> vous renseigne sur le d\u00e9ploiement du r\u00e9seau, la date pr\u00e9visionnelle et bien d&rsquo;autres choses encore.<\/p>\n\n\n\n<p><a href=\"https:\/\/www.charentemaritimetreshautdebit.fr\/tester-mon-eligibilite\/\">https:\/\/www.charentemaritimetreshautdebit.fr\/tester-mon-eligibilite\/<\/a><\/p>\n\n\n\n<p>Actualis\u00e9 r\u00e9guli\u00e8rement, vous pouvez suivre l&rsquo;avancement du projet.<\/p>\n\n\n\n<p><strong><span class=\"has-inline-color has-luminous-vivid-orange-color\">Date pr\u00e9vue sur notre commune : 2021.<\/span><\/strong><\/p>\n","protected":false},"excerpt":{"rendered":"<p>Le site Charente-Maritime Tr\u00e8s haut d\u00e9bit vous renseigne sur le d\u00e9ploiement du r\u00e9seau, la date pr\u00e9visionnelle et bien d&rsquo;autres choses<\/p>\n","protected":false},"author":1,"featured_media":896,"comment_status":"open","ping_status":"open","sticky":false,"template":"","format":"standard","meta":{"colormag_page_container_layout":"default_layout","colormag_page_sidebar_layout":"default_layout","footnotes":""},"categories":[4],"tags":[],"class_list":["post-894","post","type-post","status-publish","format-standard","has-post-thumbnail","hentry","category-infos-mairie"],"_links":{"self":[{"href":"https:\/\/jarnac-champagne.fr\/index.php\/wp-json\/wp\/v2\/posts\/894","targetHints":{"allow":["GET"]}}],"collection":[{"href":"https:\/\/jarnac-champagne.fr\/index.php\/wp-json\/wp\/v2\/posts"}],"about":[{"href":"https:\/\/jarnac-champagne.fr\/index.php\/wp-json\/wp\/v2\/types\/post"}],"author":[{"embeddable":true,"href":"https:\/\/jarnac-champagne.fr\/index.php\/wp-json\/wp\/v2\/users\/1"}],"replies":[{"embeddable":true,"href":"https:\/\/jarnac-champagne.fr\/index.php\/wp-json\/wp\/v2\/comments?post=894"}],"version-history":[{"count":2,"href":"https:\/\/jarnac-champagne.fr\/index.php\/wp-json\/wp\/v2\/posts\/894\/revisions"}],"predecessor-version":[{"id":1729,"href":"https:\/\/jarnac-champagne.fr\/index.php\/wp-json\/wp\/v2\/posts\/894\/revisions\/1729"}],"wp:featuredmedia":[{"embeddable":true,"href":"https:\/\/jarnac-champagne.fr\/index.php\/wp-json\/wp\/v2\/media\/896"}],"wp:attachment":[{"href":"https:\/\/jarnac-champagne.fr\/index.php\/wp-json\/wp\/v2\/media?parent=894"}],"wp:term":[{"taxonomy":"category","embeddable":true,"href":"https:\/\/jarnac-champagne.fr\/index.php\/wp-json\/wp\/v2\/categories?post=894"},{"taxonomy":"post_tag","embeddable":true,"href":"https:\/\/jarnac-champagne.fr\/index.php\/wp-json\/wp\/v2\/tags?post=894"}],"curies":[{"name":"wp","href":"https:\/\/api.w.org\/{rel}","templated":true}]}}