{"id":949,"date":"2020-10-22T19:16:23","date_gmt":"2020-10-22T17:16:23","guid":{"rendered":"https:\/\/jarnac-champagne.fr\/\/\/?p=949"},"modified":"2020-10-26T18:29:27","modified_gmt":"2020-10-26T17:29:27","slug":"ceremonie-du-11-novembre","status":"publish","type":"post","link":"https:\/\/jarnac-champagne.fr\/index.php\/2020\/10\/22\/ceremonie-du-11-novembre\/","title":{"rendered":"C\u00e9r\u00e9monie du 11 novembre"},"content":{"rendered":"\n<p><strong>Message de la Pr\u00e9fecture de la Charente-Maritime<\/strong><\/p>\n\n\n\n<p>Compte tenu de la situation exceptionnelle li\u00e9e \u00e0 l&rsquo;\u00e9tat d&rsquo;urgence sanitaire, la c\u00e9r\u00e9monie comm\u00e9morative se d\u00e9roulera selon des modalit\u00e9s particuli\u00e8res en format restreint et dans le respect strict des mesures de distanciation physique et du port du masque.<\/p>\n\n\n\n<p>Seul un d\u00e9p\u00f4t de gerbes, en pr\u00e9sence des \u00e9lus et des Anciens Combattants, aura lieu sans la participation des \u00e9l\u00e8ves.<\/p>\n\n\n\n<p><\/p>\n","protected":false},"excerpt":{"rendered":"<p>Message de la Pr\u00e9fecture de la Charente-Maritime Compte tenu de la situation exceptionnelle li\u00e9e \u00e0 l&rsquo;\u00e9tat d&rsquo;urgence sanitaire, la c\u00e9r\u00e9monie<\/p>\n","protected":false},"author":1,"featured_media":105,"comment_status":"open","ping_status":"open","sticky":false,"template":"","format":"standard","meta":{"colormag_page_container_layout":"default_layout","colormag_page_sidebar_layout":"default_layout","footnotes":""},"categories":[4],"tags":[],"class_list":["post-949","post","type-post","status-publish","format-standard","has-post-thumbnail","hentry","category-infos-mairie"],"_links":{"self":[{"href":"https:\/\/jarnac-champagne.fr\/index.php\/wp-json\/wp\/v2\/posts\/949","targetHints":{"allow":["GET"]}}],"collection":[{"href":"https:\/\/jarnac-champagne.fr\/index.php\/wp-json\/wp\/v2\/posts"}],"about":[{"href":"https:\/\/jarnac-champagne.fr\/index.php\/wp-json\/wp\/v2\/types\/post"}],"author":[{"embeddable":true,"href":"https:\/\/jarnac-champagne.fr\/index.php\/wp-json\/wp\/v2\/users\/1"}],"replies":[{"embeddable":true,"href":"https:\/\/jarnac-champagne.fr\/index.php\/wp-json\/wp\/v2\/comments?post=949"}],"version-history":[{"count":2,"href":"https:\/\/jarnac-champagne.fr\/index.php\/wp-json\/wp\/v2\/posts\/949\/revisions"}],"predecessor-version":[{"id":977,"href":"https:\/\/jarnac-champagne.fr\/index.php\/wp-json\/wp\/v2\/posts\/949\/revisions\/977"}],"wp:featuredmedia":[{"embeddable":true,"href":"https:\/\/jarnac-champagne.fr\/index.php\/wp-json\/wp\/v2\/media\/105"}],"wp:attachment":[{"href":"https:\/\/jarnac-champagne.fr\/index.php\/wp-json\/wp\/v2\/media?parent=949"}],"wp:term":[{"taxonomy":"category","embeddable":true,"href":"https:\/\/jarnac-champagne.fr\/index.php\/wp-json\/wp\/v2\/categories?post=949"},{"taxonomy":"post_tag","embeddable":true,"href":"https:\/\/jarnac-champagne.fr\/index.php\/wp-json\/wp\/v2\/tags?post=949"}],"curies":[{"name":"wp","href":"https:\/\/api.w.org\/{rel}","templated":true}]}}