{"id":951,"date":"2020-10-22T19:30:15","date_gmt":"2020-10-22T17:30:15","guid":{"rendered":"https:\/\/jarnac-champagne.fr\/\/\/?p=951"},"modified":"2020-10-22T19:30:16","modified_gmt":"2020-10-22T17:30:16","slug":"arrete-prefectoral","status":"publish","type":"post","link":"https:\/\/jarnac-champagne.fr\/index.php\/2020\/10\/22\/arrete-prefectoral\/","title":{"rendered":"Arr\u00eat\u00e9 pr\u00e9fectoral"},"content":{"rendered":"\n<p><strong>Arr\u00eat\u00e9 interdisant les buvettes et certaines activit\u00e9s de restauration dans les \u00e9tablissements sportifs<\/strong><\/p>\n\n\n\n<p>Consid\u00e9rant que les \u00e9v\u00e9nements sportifs conduisent \u00e0 un rassemblement et \u00e0 un brassage de populations ;<\/p>\n\n\n\n<p>Consid\u00e9rant que lorsque les personnes se restaurent, le masque ne peut \u00eatre port\u00e9 de fa\u00e7on continue ;<\/p>\n\n\n\n<p><strong><span class=\"has-inline-color has-luminous-vivid-amber-color\">Jusqu&rsquo;au 15 novembre inclus<\/span>, dans les \u00e9tablissements recevant du public, couverts et de plein air, accueillant des activit\u00e9s sportives (salles polyvalentes \u00e0 usages multiples, stades&#8230;)<\/strong><\/p>\n\n\n\n<p><strong>en l&rsquo;absence de service \u00e0 table, les buvettes et points de restauration temporaires avec consommation debout (ap\u00e9ritifs, cocktails, caf\u00e9, pots&#8230;) ainsi que les buffets sont interdits.<\/strong><\/p>\n","protected":false},"excerpt":{"rendered":"<p>Arr\u00eat\u00e9 interdisant les buvettes et certaines activit\u00e9s de restauration dans les \u00e9tablissements sportifs Consid\u00e9rant que les \u00e9v\u00e9nements sportifs conduisent \u00e0<\/p>\n","protected":false},"author":1,"featured_media":105,"comment_status":"open","ping_status":"open","sticky":false,"template":"","format":"standard","meta":{"colormag_page_container_layout":"default_layout","colormag_page_sidebar_layout":"default_layout","footnotes":""},"categories":[4],"tags":[],"class_list":["post-951","post","type-post","status-publish","format-standard","has-post-thumbnail","hentry","category-infos-mairie"],"_links":{"self":[{"href":"https:\/\/jarnac-champagne.fr\/index.php\/wp-json\/wp\/v2\/posts\/951","targetHints":{"allow":["GET"]}}],"collection":[{"href":"https:\/\/jarnac-champagne.fr\/index.php\/wp-json\/wp\/v2\/posts"}],"about":[{"href":"https:\/\/jarnac-champagne.fr\/index.php\/wp-json\/wp\/v2\/types\/post"}],"author":[{"embeddable":true,"href":"https:\/\/jarnac-champagne.fr\/index.php\/wp-json\/wp\/v2\/users\/1"}],"replies":[{"embeddable":true,"href":"https:\/\/jarnac-champagne.fr\/index.php\/wp-json\/wp\/v2\/comments?post=951"}],"version-history":[{"count":1,"href":"https:\/\/jarnac-champagne.fr\/index.php\/wp-json\/wp\/v2\/posts\/951\/revisions"}],"predecessor-version":[{"id":952,"href":"https:\/\/jarnac-champagne.fr\/index.php\/wp-json\/wp\/v2\/posts\/951\/revisions\/952"}],"wp:featuredmedia":[{"embeddable":true,"href":"https:\/\/jarnac-champagne.fr\/index.php\/wp-json\/wp\/v2\/media\/105"}],"wp:attachment":[{"href":"https:\/\/jarnac-champagne.fr\/index.php\/wp-json\/wp\/v2\/media?parent=951"}],"wp:term":[{"taxonomy":"category","embeddable":true,"href":"https:\/\/jarnac-champagne.fr\/index.php\/wp-json\/wp\/v2\/categories?post=951"},{"taxonomy":"post_tag","embeddable":true,"href":"https:\/\/jarnac-champagne.fr\/index.php\/wp-json\/wp\/v2\/tags?post=951"}],"curies":[{"name":"wp","href":"https:\/\/api.w.org\/{rel}","templated":true}]}}