{"id":953,"date":"2020-10-22T19:48:10","date_gmt":"2020-10-22T17:48:10","guid":{"rendered":"https:\/\/jarnac-champagne.fr\/\/\/?p=953"},"modified":"2020-10-22T19:48:11","modified_gmt":"2020-10-22T17:48:11","slug":"rapport-annuel-service-des-dechets-menagers","status":"publish","type":"post","link":"https:\/\/jarnac-champagne.fr\/index.php\/2020\/10\/22\/rapport-annuel-service-des-dechets-menagers\/","title":{"rendered":"Rapport annuel service des d\u00e9chets m\u00e9nagers"},"content":{"rendered":"\n<p>Le rapport annuel 2019 sur le prix et la qualit\u00e9 du service de pr\u00e9vention et de gestion des d\u00e9chets m\u00e9nagers et assimil\u00e9s est d\u00e9sormais disponible en ligne sur le site internet de la Communaut\u00e9 de Communes de la Haute-Saintonge.<\/p>\n\n\n\n<p>Pour mieux comprendre et s&rsquo;informer.<\/p>\n\n\n\n<p>C&rsquo;est par ici : <a rel=\"noreferrer noopener\" href=\"http:\/\/www.haute-saintonge.org\/cadre-de-vie\/dechets\" target=\"_blank\">http:\/\/www.haute-saintonge.org\/cadre-de-vie\/dechets<\/a><\/p>\n","protected":false},"excerpt":{"rendered":"<p>Le rapport annuel 2019 sur le prix et la qualit\u00e9 du service de pr\u00e9vention et de gestion des d\u00e9chets m\u00e9nagers<\/p>\n","protected":false},"author":1,"featured_media":105,"comment_status":"open","ping_status":"open","sticky":false,"template":"","format":"standard","meta":{"colormag_page_container_layout":"default_layout","colormag_page_sidebar_layout":"default_layout","footnotes":""},"categories":[4],"tags":[],"class_list":["post-953","post","type-post","status-publish","format-standard","has-post-thumbnail","hentry","category-infos-mairie"],"_links":{"self":[{"href":"https:\/\/jarnac-champagne.fr\/index.php\/wp-json\/wp\/v2\/posts\/953","targetHints":{"allow":["GET"]}}],"collection":[{"href":"https:\/\/jarnac-champagne.fr\/index.php\/wp-json\/wp\/v2\/posts"}],"about":[{"href":"https:\/\/jarnac-champagne.fr\/index.php\/wp-json\/wp\/v2\/types\/post"}],"author":[{"embeddable":true,"href":"https:\/\/jarnac-champagne.fr\/index.php\/wp-json\/wp\/v2\/users\/1"}],"replies":[{"embeddable":true,"href":"https:\/\/jarnac-champagne.fr\/index.php\/wp-json\/wp\/v2\/comments?post=953"}],"version-history":[{"count":1,"href":"https:\/\/jarnac-champagne.fr\/index.php\/wp-json\/wp\/v2\/posts\/953\/revisions"}],"predecessor-version":[{"id":954,"href":"https:\/\/jarnac-champagne.fr\/index.php\/wp-json\/wp\/v2\/posts\/953\/revisions\/954"}],"wp:featuredmedia":[{"embeddable":true,"href":"https:\/\/jarnac-champagne.fr\/index.php\/wp-json\/wp\/v2\/media\/105"}],"wp:attachment":[{"href":"https:\/\/jarnac-champagne.fr\/index.php\/wp-json\/wp\/v2\/media?parent=953"}],"wp:term":[{"taxonomy":"category","embeddable":true,"href":"https:\/\/jarnac-champagne.fr\/index.php\/wp-json\/wp\/v2\/categories?post=953"},{"taxonomy":"post_tag","embeddable":true,"href":"https:\/\/jarnac-champagne.fr\/index.php\/wp-json\/wp\/v2\/tags?post=953"}],"curies":[{"name":"wp","href":"https:\/\/api.w.org\/{rel}","templated":true}]}}